{"id":8545,"date":"2025-05-04T13:38:44","date_gmt":"2025-05-04T11:38:44","guid":{"rendered":"https:\/\/www.estudioenfermeria.com\/portal\/?p=8545"},"modified":"2025-05-04T13:38:44","modified_gmt":"2025-05-04T11:38:44","slug":"actividades-complementarias-eps-2025","status":"publish","type":"post","link":"https:\/\/www.estudioenfermeria.com\/portal\/actividades-complementarias-eps-2025\/","title":{"rendered":"Finalizan con \u00e9xito las actividades complementarias sobre EPS"},"content":{"rendered":"<div class=\"fusion-fullwidth fullwidth-box fusion-builder-row-1 fusion-flex-container nonhundred-percent-fullwidth non-hundred-percent-height-scrolling\" style=\"--awb-border-radius-top-left:0px;--awb-border-radius-top-right:0px;--awb-border-radius-bottom-right:0px;--awb-border-radius-bottom-left:0px;--awb-flex-wrap:wrap;\" ><div class=\"fusion-builder-row fusion-row fusion-flex-align-items-flex-start fusion-flex-content-wrap\" style=\"max-width:1216.8px;margin-left: calc(-4% \/ 2 );margin-right: calc(-4% \/ 2 );\"><div class=\"fusion-layout-column fusion_builder_column fusion-builder-column-0 fusion_builder_column_1_2 1_2 fusion-flex-column\" style=\"--awb-bg-size:cover;--awb-width-large:50%;--awb-margin-top-large:0px;--awb-spacing-right-large:3.84%;--awb-margin-bottom-large:20px;--awb-spacing-left-large:3.84%;--awb-width-medium:100%;--awb-order-medium:0;--awb-spacing-right-medium:1.92%;--awb-spacing-left-medium:1.92%;--awb-width-small:100%;--awb-order-small:0;--awb-spacing-right-small:1.92%;--awb-spacing-left-small:1.92%;\"><div class=\"fusion-column-wrapper fusion-column-has-shadow fusion-flex-justify-content-flex-start fusion-content-layout-column\"><div class=\"fusion-text fusion-text-1\" style=\"--awb-user-select:none;\"><p class=\"\" data-start=\"248\" data-end=\"798\"><span class=\"fusion-dropcap dropcap\">E<\/span>l pasado lunes, 28 de abril de 2025, finalizaron las actividades complementarias de formaci\u00f3n integradas en la asignatura <em data-start=\"406\" data-end=\"431\">Educaci\u00f3n para la Salud<\/em>, dirigidas al alumnado del Grado en Enfermer\u00eda de la Facultad de Medicina y Ciencias de la Salud de la Universidad de Extremadura. Estas sesiones han sido coordinadas por los profesores Dres. <strong data-start=\"541\" data-end=\"577\">Francisco Jos\u00e9 Rodr\u00edguez Velasco<\/strong> y <strong data-start=\"580\" data-end=\"607\">Guadalupe Gil Fern\u00e1ndez<\/strong>, y han contado con la participaci\u00f3n de miembros de <strong data-start=\"660\" data-end=\"677\">PACAP-SEFyCEX.<\/strong><\/p>\n<p class=\"\" data-start=\"800\" data-end=\"1037\">Esta iniciativa ha ofrecido a los estudiantes una oportunidad \u00fanica para profundizar en el enfoque comunitario de la Educaci\u00f3n para la Salud y adquirir herramientas pr\u00e1cticas para el dise\u00f1o y desarrollo de intervenciones educativas en el \u00e1mbito sanitario.<\/p>\n<p class=\"\" data-start=\"2566\" data-end=\"2820\">La realizaci\u00f3n de estas actividades refuerza el compromiso de una formaci\u00f3n integral y orientada a la realidad comunitaria, potenciando el rol transformador del futuro personal de enfermer\u00eda en la promoci\u00f3n y educaci\u00f3n para la salud.<\/p>\n<p data-start=\"2566\" data-end=\"2820\"><strong>Gracias a la Sociedad de Enfermer\u00eda Familiar y Comunitaria de Extremadura y al Programa de Actividades Comunitarias en Atenci\u00f3n Primaria, por la colaboraci\u00f3n y grado de implicaci\u00f3n en el desarrollo de estas actividades.<\/strong><\/p>\n<\/div><\/div><\/div><div class=\"fusion-layout-column fusion_builder_column fusion-builder-column-1 fusion_builder_column_1_2 1_2 fusion-flex-column\" style=\"--awb-bg-size:cover;--awb-width-large:50%;--awb-margin-top-large:0px;--awb-spacing-right-large:3.84%;--awb-margin-bottom-large:20px;--awb-spacing-left-large:3.84%;--awb-width-medium:100%;--awb-order-medium:0;--awb-spacing-right-medium:1.92%;--awb-spacing-left-medium:1.92%;--awb-width-small:100%;--awb-order-small:0;--awb-spacing-right-small:1.92%;--awb-spacing-left-small:1.92%;\"><div class=\"fusion-column-wrapper fusion-column-has-shadow fusion-flex-justify-content-flex-start fusion-content-layout-column\"><div class=\"awb-gallery-wrapper awb-gallery-wrapper-1 button-span-no\" style=\"--more-btn-alignment:center;\" data-limit=\"10\" data-page=\"1\"><div style=\"margin:-5px;--awb-bordersize:0px;\" class=\"fusion-gallery fusion-gallery-container fusion-grid-3 fusion-columns-total-10 fusion-gallery-layout-grid fusion-gallery-1\"><div style=\"padding:5px;\" class=\"fusion-grid-column fusion-gallery-column fusion-gallery-column-3 hover-type-none\"><div class=\"fusion-gallery-image\"><a href=\"https:\/\/www.estudioenfermeria.com\/portal\/wp-content\/uploads\/2025\/05\/Act-Compl-EPS-2025-31.jpg\" rel=\"noreferrer\" data-rel=\"iLightbox[gallery_image_1]\" class=\"fusion-lightbox\" target=\"_self\"><img decoding=\"async\" src=\"https:\/\/www.estudioenfermeria.com\/portal\/wp-content\/uploads\/2025\/05\/Act-Compl-EPS-2025-31.jpg\" width=\"2477\" height=\"1406\" alt=\"\" title=\"Act Compl EPS 2025 (31)\" aria-label=\"Act Compl EPS 2025 (31)\" class=\"img-responsive wp-image-8560\" srcset=\"https:\/\/www.estudioenfermeria.com\/portal\/wp-content\/uploads\/2025\/05\/Act-Compl-EPS-2025-31-200x114.jpg 200w, https:\/\/www.estudioenfermeria.com\/portal\/wp-content\/uploads\/2025\/05\/Act-Compl-EPS-2025-31-400x227.jpg 400w, https:\/\/www.estudioenfermeria.com\/portal\/wp-content\/uploads\/2025\/05\/Act-Compl-EPS-2025-31-600x341.jpg 600w, https:\/\/www.estudioenfermeria.com\/portal\/wp-content\/uploads\/2025\/05\/Act-Compl-EPS-2025-31-800x454.jpg 800w, https:\/\/www.estudioenfermeria.com\/portal\/wp-content\/uploads\/2025\/05\/Act-Compl-EPS-2025-31-1200x681.jpg 1200w, https:\/\/www.estudioenfermeria.com\/portal\/wp-content\/uploads\/2025\/05\/Act-Compl-EPS-2025-31.jpg 2477w\" sizes=\"(min-width: 2200px) 100vw, (min-width: 824px) 387px, (min-width: 732px) 580px, (min-width: 640px) 732px, \" \/><\/a><\/div><\/div><div style=\"padding:5px;\" class=\"fusion-grid-column fusion-gallery-column fusion-gallery-column-3 hover-type-none\"><div class=\"fusion-gallery-image\"><a href=\"https:\/\/www.estudioenfermeria.com\/portal\/wp-content\/uploads\/2025\/05\/Act-Compl-EPS-2025-2.jpg\" rel=\"noreferrer\" data-rel=\"iLightbox[gallery_image_1]\" class=\"fusion-lightbox\" target=\"_self\"><img decoding=\"async\" src=\"https:\/\/www.estudioenfermeria.com\/portal\/wp-content\/uploads\/2025\/05\/Act-Compl-EPS-2025-2.jpg\" width=\"1600\" height=\"1200\" alt=\"\" title=\"Act Compl EPS 2025 (2)\" aria-label=\"Act Compl EPS 2025 (2)\" class=\"img-responsive wp-image-8551\" srcset=\"https:\/\/www.estudioenfermeria.com\/portal\/wp-content\/uploads\/2025\/05\/Act-Compl-EPS-2025-2-200x150.jpg 200w, https:\/\/www.estudioenfermeria.com\/portal\/wp-content\/uploads\/2025\/05\/Act-Compl-EPS-2025-2-400x300.jpg 400w, https:\/\/www.estudioenfermeria.com\/portal\/wp-content\/uploads\/2025\/05\/Act-Compl-EPS-2025-2-600x450.jpg 600w, https:\/\/www.estudioenfermeria.com\/portal\/wp-content\/uploads\/2025\/05\/Act-Compl-EPS-2025-2-800x600.jpg 800w, https:\/\/www.estudioenfermeria.com\/portal\/wp-content\/uploads\/2025\/05\/Act-Compl-EPS-2025-2-1200x900.jpg 1200w, https:\/\/www.estudioenfermeria.com\/portal\/wp-content\/uploads\/2025\/05\/Act-Compl-EPS-2025-2.jpg 1600w\" sizes=\"(min-width: 2200px) 100vw, (min-width: 824px) 387px, (min-width: 732px) 580px, (min-width: 640px) 732px, \" \/><\/a><\/div><\/div><div style=\"padding:5px;\" class=\"fusion-grid-column fusion-gallery-column fusion-gallery-column-3 hover-type-none\"><div class=\"fusion-gallery-image\"><a href=\"https:\/\/www.estudioenfermeria.com\/portal\/wp-content\/uploads\/2025\/05\/Act-Compl-EPS-2025-4.jpg\" rel=\"noreferrer\" data-rel=\"iLightbox[gallery_image_1]\" class=\"fusion-lightbox\" target=\"_self\"><img decoding=\"async\" src=\"https:\/\/www.estudioenfermeria.com\/portal\/wp-content\/uploads\/2025\/05\/Act-Compl-EPS-2025-4.jpg\" width=\"2048\" height=\"1536\" alt=\"\" title=\"Act Compl EPS 2025 (4)\" aria-label=\"Act Compl EPS 2025 (4)\" class=\"img-responsive wp-image-8552\" srcset=\"https:\/\/www.estudioenfermeria.com\/portal\/wp-content\/uploads\/2025\/05\/Act-Compl-EPS-2025-4-200x150.jpg 200w, https:\/\/www.estudioenfermeria.com\/portal\/wp-content\/uploads\/2025\/05\/Act-Compl-EPS-2025-4-400x300.jpg 400w, https:\/\/www.estudioenfermeria.com\/portal\/wp-content\/uploads\/2025\/05\/Act-Compl-EPS-2025-4-600x450.jpg 600w, https:\/\/www.estudioenfermeria.com\/portal\/wp-content\/uploads\/2025\/05\/Act-Compl-EPS-2025-4-800x600.jpg 800w, https:\/\/www.estudioenfermeria.com\/portal\/wp-content\/uploads\/2025\/05\/Act-Compl-EPS-2025-4-1200x900.jpg 1200w, https:\/\/www.estudioenfermeria.com\/portal\/wp-content\/uploads\/2025\/05\/Act-Compl-EPS-2025-4.jpg 2048w\" sizes=\"(min-width: 2200px) 100vw, (min-width: 824px) 387px, (min-width: 732px) 580px, (min-width: 640px) 732px, \" \/><\/a><\/div><\/div><div class=\"clearfix\"><\/div><div style=\"padding:5px;\" class=\"fusion-grid-column fusion-gallery-column fusion-gallery-column-3 hover-type-none\"><div class=\"fusion-gallery-image\"><a href=\"https:\/\/www.estudioenfermeria.com\/portal\/wp-content\/uploads\/2025\/05\/Act-Compl-EPS-2025-15.jpg\" rel=\"noreferrer\" data-rel=\"iLightbox[gallery_image_1]\" class=\"fusion-lightbox\" target=\"_self\"><img decoding=\"async\" src=\"https:\/\/www.estudioenfermeria.com\/portal\/wp-content\/uploads\/2025\/05\/Act-Compl-EPS-2025-15.jpg\" width=\"1200\" height=\"1600\" alt=\"\" title=\"Act Compl EPS 2025 (15)\" aria-label=\"Act Compl EPS 2025 (15)\" class=\"img-responsive wp-image-8553\" srcset=\"https:\/\/www.estudioenfermeria.com\/portal\/wp-content\/uploads\/2025\/05\/Act-Compl-EPS-2025-15-200x267.jpg 200w, https:\/\/www.estudioenfermeria.com\/portal\/wp-content\/uploads\/2025\/05\/Act-Compl-EPS-2025-15-400x533.jpg 400w, https:\/\/www.estudioenfermeria.com\/portal\/wp-content\/uploads\/2025\/05\/Act-Compl-EPS-2025-15-600x800.jpg 600w, https:\/\/www.estudioenfermeria.com\/portal\/wp-content\/uploads\/2025\/05\/Act-Compl-EPS-2025-15-800x1067.jpg 800w, https:\/\/www.estudioenfermeria.com\/portal\/wp-content\/uploads\/2025\/05\/Act-Compl-EPS-2025-15.jpg 1200w\" sizes=\"(min-width: 2200px) 100vw, (min-width: 824px) 387px, (min-width: 732px) 580px, (min-width: 640px) 732px, \" \/><\/a><\/div><\/div><div style=\"padding:5px;\" class=\"fusion-grid-column fusion-gallery-column fusion-gallery-column-3 hover-type-none\"><div class=\"fusion-gallery-image\"><a href=\"https:\/\/www.estudioenfermeria.com\/portal\/wp-content\/uploads\/2025\/05\/Act-Compl-EPS-2025-22.jpg\" rel=\"noreferrer\" data-rel=\"iLightbox[gallery_image_1]\" class=\"fusion-lightbox\" target=\"_self\"><img decoding=\"async\" src=\"https:\/\/www.estudioenfermeria.com\/portal\/wp-content\/uploads\/2025\/05\/Act-Compl-EPS-2025-22.jpg\" width=\"1600\" height=\"1200\" alt=\"\" title=\"Act Compl EPS 2025 (22)\" aria-label=\"Act Compl EPS 2025 (22)\" class=\"img-responsive wp-image-8554\" srcset=\"https:\/\/www.estudioenfermeria.com\/portal\/wp-content\/uploads\/2025\/05\/Act-Compl-EPS-2025-22-200x150.jpg 200w, https:\/\/www.estudioenfermeria.com\/portal\/wp-content\/uploads\/2025\/05\/Act-Compl-EPS-2025-22-400x300.jpg 400w, https:\/\/www.estudioenfermeria.com\/portal\/wp-content\/uploads\/2025\/05\/Act-Compl-EPS-2025-22-600x450.jpg 600w, https:\/\/www.estudioenfermeria.com\/portal\/wp-content\/uploads\/2025\/05\/Act-Compl-EPS-2025-22-800x600.jpg 800w, https:\/\/www.estudioenfermeria.com\/portal\/wp-content\/uploads\/2025\/05\/Act-Compl-EPS-2025-22-1200x900.jpg 1200w, https:\/\/www.estudioenfermeria.com\/portal\/wp-content\/uploads\/2025\/05\/Act-Compl-EPS-2025-22.jpg 1600w\" sizes=\"(min-width: 2200px) 100vw, (min-width: 824px) 387px, (min-width: 732px) 580px, (min-width: 640px) 732px, \" \/><\/a><\/div><\/div><div style=\"padding:5px;\" class=\"fusion-grid-column fusion-gallery-column fusion-gallery-column-3 hover-type-none\"><div class=\"fusion-gallery-image\"><a href=\"https:\/\/www.estudioenfermeria.com\/portal\/wp-content\/uploads\/2025\/05\/Act-Compl-EPS-2025-26.jpg\" rel=\"noreferrer\" data-rel=\"iLightbox[gallery_image_1]\" class=\"fusion-lightbox\" target=\"_self\"><img decoding=\"async\" src=\"https:\/\/www.estudioenfermeria.com\/portal\/wp-content\/uploads\/2025\/05\/Act-Compl-EPS-2025-26.jpg\" width=\"1200\" height=\"1600\" alt=\"\" title=\"Act Compl EPS 2025 (26)\" aria-label=\"Act Compl EPS 2025 (26)\" class=\"img-responsive wp-image-8555\" srcset=\"https:\/\/www.estudioenfermeria.com\/portal\/wp-content\/uploads\/2025\/05\/Act-Compl-EPS-2025-26-200x267.jpg 200w, https:\/\/www.estudioenfermeria.com\/portal\/wp-content\/uploads\/2025\/05\/Act-Compl-EPS-2025-26-400x533.jpg 400w, https:\/\/www.estudioenfermeria.com\/portal\/wp-content\/uploads\/2025\/05\/Act-Compl-EPS-2025-26-600x800.jpg 600w, https:\/\/www.estudioenfermeria.com\/portal\/wp-content\/uploads\/2025\/05\/Act-Compl-EPS-2025-26-800x1067.jpg 800w, https:\/\/www.estudioenfermeria.com\/portal\/wp-content\/uploads\/2025\/05\/Act-Compl-EPS-2025-26.jpg 1200w\" sizes=\"(min-width: 2200px) 100vw, (min-width: 824px) 387px, (min-width: 732px) 580px, (min-width: 640px) 732px, \" \/><\/a><\/div><\/div><div class=\"clearfix\"><\/div><div style=\"padding:5px;\" class=\"fusion-grid-column fusion-gallery-column fusion-gallery-column-3 hover-type-none\"><div class=\"fusion-gallery-image\"><a href=\"https:\/\/www.estudioenfermeria.com\/portal\/wp-content\/uploads\/2025\/05\/Act-Compl-EPS-2025-27.jpg\" rel=\"noreferrer\" data-rel=\"iLightbox[gallery_image_1]\" class=\"fusion-lightbox\" target=\"_self\"><img decoding=\"async\" src=\"https:\/\/www.estudioenfermeria.com\/portal\/wp-content\/uploads\/2025\/05\/Act-Compl-EPS-2025-27.jpg\" width=\"1600\" height=\"1200\" alt=\"\" title=\"Act Compl EPS 2025 (27)\" aria-label=\"Act Compl EPS 2025 (27)\" class=\"img-responsive wp-image-8556\" srcset=\"https:\/\/www.estudioenfermeria.com\/portal\/wp-content\/uploads\/2025\/05\/Act-Compl-EPS-2025-27-200x150.jpg 200w, https:\/\/www.estudioenfermeria.com\/portal\/wp-content\/uploads\/2025\/05\/Act-Compl-EPS-2025-27-400x300.jpg 400w, https:\/\/www.estudioenfermeria.com\/portal\/wp-content\/uploads\/2025\/05\/Act-Compl-EPS-2025-27-600x450.jpg 600w, https:\/\/www.estudioenfermeria.com\/portal\/wp-content\/uploads\/2025\/05\/Act-Compl-EPS-2025-27-800x600.jpg 800w, https:\/\/www.estudioenfermeria.com\/portal\/wp-content\/uploads\/2025\/05\/Act-Compl-EPS-2025-27-1200x900.jpg 1200w, https:\/\/www.estudioenfermeria.com\/portal\/wp-content\/uploads\/2025\/05\/Act-Compl-EPS-2025-27.jpg 1600w\" sizes=\"(min-width: 2200px) 100vw, (min-width: 824px) 387px, (min-width: 732px) 580px, (min-width: 640px) 732px, \" \/><\/a><\/div><\/div><div style=\"padding:5px;\" class=\"fusion-grid-column fusion-gallery-column fusion-gallery-column-3 hover-type-none\"><div class=\"fusion-gallery-image\"><a href=\"https:\/\/www.estudioenfermeria.com\/portal\/wp-content\/uploads\/2025\/05\/Act-Compl-EPS-2025-28.jpg\" rel=\"noreferrer\" data-rel=\"iLightbox[gallery_image_1]\" class=\"fusion-lightbox\" target=\"_self\"><img decoding=\"async\" src=\"https:\/\/www.estudioenfermeria.com\/portal\/wp-content\/uploads\/2025\/05\/Act-Compl-EPS-2025-28.jpg\" width=\"1600\" height=\"1200\" alt=\"\" title=\"Act Compl EPS 2025 (28)\" aria-label=\"Act Compl EPS 2025 (28)\" class=\"img-responsive wp-image-8557\" srcset=\"https:\/\/www.estudioenfermeria.com\/portal\/wp-content\/uploads\/2025\/05\/Act-Compl-EPS-2025-28-200x150.jpg 200w, https:\/\/www.estudioenfermeria.com\/portal\/wp-content\/uploads\/2025\/05\/Act-Compl-EPS-2025-28-400x300.jpg 400w, https:\/\/www.estudioenfermeria.com\/portal\/wp-content\/uploads\/2025\/05\/Act-Compl-EPS-2025-28-600x450.jpg 600w, https:\/\/www.estudioenfermeria.com\/portal\/wp-content\/uploads\/2025\/05\/Act-Compl-EPS-2025-28-800x600.jpg 800w, https:\/\/www.estudioenfermeria.com\/portal\/wp-content\/uploads\/2025\/05\/Act-Compl-EPS-2025-28-1200x900.jpg 1200w, https:\/\/www.estudioenfermeria.com\/portal\/wp-content\/uploads\/2025\/05\/Act-Compl-EPS-2025-28.jpg 1600w\" sizes=\"(min-width: 2200px) 100vw, (min-width: 824px) 387px, (min-width: 732px) 580px, (min-width: 640px) 732px, \" \/><\/a><\/div><\/div><div style=\"padding:5px;\" class=\"fusion-grid-column fusion-gallery-column fusion-gallery-column-3 hover-type-none\"><div class=\"fusion-gallery-image\"><a href=\"https:\/\/www.estudioenfermeria.com\/portal\/wp-content\/uploads\/2025\/05\/Act-Compl-EPS-2025-1.jpg\" rel=\"noreferrer\" data-rel=\"iLightbox[gallery_image_1]\" class=\"fusion-lightbox\" target=\"_self\"><img decoding=\"async\" src=\"https:\/\/www.estudioenfermeria.com\/portal\/wp-content\/uploads\/2025\/05\/Act-Compl-EPS-2025-1.jpg\" width=\"1600\" height=\"1200\" alt=\"\" title=\"Act Compl EPS 2025 (1)\" aria-label=\"Act Compl EPS 2025 (1)\" class=\"img-responsive wp-image-8558\" srcset=\"https:\/\/www.estudioenfermeria.com\/portal\/wp-content\/uploads\/2025\/05\/Act-Compl-EPS-2025-1-200x150.jpg 200w, https:\/\/www.estudioenfermeria.com\/portal\/wp-content\/uploads\/2025\/05\/Act-Compl-EPS-2025-1-400x300.jpg 400w, https:\/\/www.estudioenfermeria.com\/portal\/wp-content\/uploads\/2025\/05\/Act-Compl-EPS-2025-1-600x450.jpg 600w, https:\/\/www.estudioenfermeria.com\/portal\/wp-content\/uploads\/2025\/05\/Act-Compl-EPS-2025-1-800x600.jpg 800w, https:\/\/www.estudioenfermeria.com\/portal\/wp-content\/uploads\/2025\/05\/Act-Compl-EPS-2025-1-1200x900.jpg 1200w, https:\/\/www.estudioenfermeria.com\/portal\/wp-content\/uploads\/2025\/05\/Act-Compl-EPS-2025-1.jpg 1600w\" sizes=\"(min-width: 2200px) 100vw, (min-width: 824px) 387px, (min-width: 732px) 580px, (min-width: 640px) 732px, \" \/><\/a><\/div><\/div><div class=\"clearfix\"><\/div><div style=\"padding:5px;\" class=\"fusion-grid-column fusion-gallery-column fusion-gallery-column-3 hover-type-none\"><div class=\"fusion-gallery-image\"><a href=\"https:\/\/www.estudioenfermeria.com\/portal\/wp-content\/uploads\/2025\/05\/Act-Compl-EPS-2025-17.jpg\" rel=\"noreferrer\" data-rel=\"iLightbox[gallery_image_1]\" class=\"fusion-lightbox\" target=\"_self\"><img decoding=\"async\" src=\"https:\/\/www.estudioenfermeria.com\/portal\/wp-content\/uploads\/2025\/05\/Act-Compl-EPS-2025-17.jpg\" width=\"1600\" height=\"1200\" alt=\"\" title=\"Act Compl EPS 2025 (17)\" aria-label=\"Act Compl EPS 2025 (17)\" class=\"img-responsive wp-image-8559\" srcset=\"https:\/\/www.estudioenfermeria.com\/portal\/wp-content\/uploads\/2025\/05\/Act-Compl-EPS-2025-17-200x150.jpg 200w, https:\/\/www.estudioenfermeria.com\/portal\/wp-content\/uploads\/2025\/05\/Act-Compl-EPS-2025-17-400x300.jpg 400w, https:\/\/www.estudioenfermeria.com\/portal\/wp-content\/uploads\/2025\/05\/Act-Compl-EPS-2025-17-600x450.jpg 600w, https:\/\/www.estudioenfermeria.com\/portal\/wp-content\/uploads\/2025\/05\/Act-Compl-EPS-2025-17-800x600.jpg 800w, https:\/\/www.estudioenfermeria.com\/portal\/wp-content\/uploads\/2025\/05\/Act-Compl-EPS-2025-17-1200x900.jpg 1200w, https:\/\/www.estudioenfermeria.com\/portal\/wp-content\/uploads\/2025\/05\/Act-Compl-EPS-2025-17.jpg 1600w\" sizes=\"(min-width: 2200px) 100vw, (min-width: 824px) 387px, (min-width: 732px) 580px, (min-width: 640px) 732px, \" \/><\/a><\/div><\/div><\/div><\/div><\/div><\/div><\/div><\/div>\n","protected":false},"excerpt":{"rendered":"","protected":false},"author":1,"featured_media":8552,"comment_status":"open","ping_status":"open","sticky":false,"template":"","format":"standard","meta":{"footnotes":""},"categories":[164,166],"tags":[244,243,262,261,263],"class_list":["post-8545","post","type-post","status-publish","format-standard","has-post-thumbnail","hentry","category-eps","category-noticias","tag-educacion-para-la-salud","tag-eps","tag-pacap","tag-salud-comunitaria","tag-sefycex"],"yoast_head":"<!-- This site is optimized with the Yoast SEO plugin v27.4 - https:\/\/yoast.com\/product\/yoast-seo-wordpress\/ -->\n<title>Finalizan con \u00e9xito las actividades complementarias sobre EPS - estudioenfermeria.com<\/title>\n<meta name=\"description\" content=\"Finalizan las actividades de EPS en el Grado en Enfermer\u00eda de la UEx, con la participaci\u00f3n de PACAP-SEFyCEX y la coordinaci\u00f3n de los Prof. Dres. Francisco Jos\u00e9 Rodr\u00edguez Velasco y Guadalupe Gil Fern\u00e1ndez.\" \/>\n<meta name=\"robots\" content=\"index, follow, max-snippet:-1, max-image-preview:large, max-video-preview:-1\" \/>\n<link rel=\"canonical\" href=\"https:\/\/www.estudioenfermeria.com\/portal\/actividades-complementarias-eps-2025\/\" \/>\n<meta property=\"og:locale\" content=\"es_ES\" \/>\n<meta property=\"og:type\" content=\"article\" \/>\n<meta property=\"og:title\" content=\"Finalizan las actividades complementarias de EPS en la Facultad de Medicina y Ciencias de la Salud de la UEx\" \/>\n<meta property=\"og:description\" content=\"\ud83e\ude7a\u2728 El pasado lunes, 28 de abril, finalizaron las actividades complementarias de formaci\u00f3n en Educaci\u00f3n para la Salud dirigidas al alumnado del Grado en Enfermer\u00eda de la Facultad de Medicina y Ciencias de la Salud de la @Universidad de Extremadura.Coordinadas por los Prof. Dres. Francisco Jos\u00e9 Rodr\u00edguez Velasco y Guadalupe Gil Fern\u00e1ndez, y con la participaci\u00f3n de profesionales de PACAP-SEFyCEX, estas sesiones han brindado a nuestros estudiantes una valiosa oportunidad para profundizar en el enfoque comunitario de la salud y adquirir herramientas pr\u00e1cticas para dise\u00f1ar intervenciones educativas en su futuro profesional. \ud83d\ude4c\u00a1Gracias a todo el equipo por hacer posible una formaci\u00f3n tan enriquecedora y comprometida con la salud de nuestra comunidad! \ud83d\udc9a\ud83d\udc69\u200d\u2695\ufe0f\ud83d\udc68\u200d\u2695\ufe0f#Educaci\u00f3nParaLaSalud #EPS #Enfermer\u00edaUEx #SaludComunitaria #PACAP #SEFyCEX #Formaci\u00f3nSanitaria #UEx\" \/>\n<meta property=\"og:url\" content=\"https:\/\/www.estudioenfermeria.com\/portal\/actividades-complementarias-eps-2025\/\" \/>\n<meta property=\"og:site_name\" content=\"estudioenfermeria.com\" \/>\n<meta property=\"article:publisher\" content=\"https:\/\/www.facebook.com\/estudioenfermeria\" \/>\n<meta property=\"article:published_time\" content=\"2025-05-04T11:38:44+00:00\" \/>\n<meta property=\"og:image\" content=\"https:\/\/www.estudioenfermeria.com\/portal\/wp-content\/uploads\/2025\/05\/Act-Compl-EPS-2025-4.jpg\" \/>\n\t<meta property=\"og:image:width\" content=\"2048\" \/>\n\t<meta property=\"og:image:height\" content=\"1536\" \/>\n\t<meta property=\"og:image:type\" content=\"image\/jpeg\" \/>\n<meta name=\"author\" content=\"estudioenfermeria.com\" \/>\n<meta name=\"twitter:card\" content=\"summary_large_image\" \/>\n<meta name=\"twitter:title\" content=\"Finalizan las actividades complementarias de EPS en la Facultad de Medicina y Ciencias de la Salud de la UEx\" \/>\n<meta name=\"twitter:description\" content=\"\ud83e\ude7a Finalizan las actividades de EPS en el Grado en #Enfermer\u00eda de la UEx, coordinadas por los Prof. Dres. Francisco Jos\u00e9 Rodr\u00edguez Velasco y Guadalupe Gil Fern\u00e1ndez, con la participaci\u00f3n de PACAP y SEFyCEX.\" \/>\n<meta name=\"twitter:image\" content=\"https:\/\/www.estudioenfermeria.com\/portal\/wp-content\/uploads\/2025\/05\/Act-Compl-EPS-2025-4.jpg\" \/>\n<meta name=\"twitter:creator\" content=\"@eenfermeria\" \/>\n<meta name=\"twitter:site\" content=\"@eenfermeria\" \/>\n<meta name=\"twitter:label1\" content=\"Escrito por\" \/>\n\t<meta name=\"twitter:data1\" content=\"estudioenfermeria.com\" \/>\n\t<meta name=\"twitter:label2\" content=\"Tiempo de lectura\" \/>\n\t<meta name=\"twitter:data2\" content=\"4 minutos\" \/>\n<script type=\"application\/ld+json\" class=\"yoast-schema-graph\">{\"@context\":\"https:\\\/\\\/schema.org\",\"@graph\":[{\"@type\":\"Article\",\"@id\":\"https:\\\/\\\/www.estudioenfermeria.com\\\/portal\\\/actividades-complementarias-eps-2025\\\/#article\",\"isPartOf\":{\"@id\":\"https:\\\/\\\/www.estudioenfermeria.com\\\/portal\\\/actividades-complementarias-eps-2025\\\/\"},\"author\":{\"name\":\"estudioenfermeria.com\",\"@id\":\"https:\\\/\\\/www.estudioenfermeria.com\\\/portal\\\/#\\\/schema\\\/person\\\/ce75c912f9a6fa034283e7d4c0fb3474\"},\"headline\":\"Finalizan con \u00e9xito las actividades complementarias sobre EPS\",\"datePublished\":\"2025-05-04T11:38:44+00:00\",\"mainEntityOfPage\":{\"@id\":\"https:\\\/\\\/www.estudioenfermeria.com\\\/portal\\\/actividades-complementarias-eps-2025\\\/\"},\"wordCount\":1554,\"commentCount\":0,\"publisher\":{\"@id\":\"https:\\\/\\\/www.estudioenfermeria.com\\\/portal\\\/#organization\"},\"image\":{\"@id\":\"https:\\\/\\\/www.estudioenfermeria.com\\\/portal\\\/actividades-complementarias-eps-2025\\\/#primaryimage\"},\"thumbnailUrl\":\"https:\\\/\\\/www.estudioenfermeria.com\\\/portal\\\/wp-content\\\/uploads\\\/2025\\\/05\\\/Act-Compl-EPS-2025-4.jpg\",\"keywords\":[\"educaci\u00f3n para la salud\",\"eps\",\"PACAP\",\"salud comunitaria\",\"SEFyCEX\"],\"articleSection\":[\"EDUCACI\u00d3N PARA LA SALUD\",\"NOTICIAS\"],\"inLanguage\":\"es\",\"potentialAction\":[{\"@type\":\"CommentAction\",\"name\":\"Comment\",\"target\":[\"https:\\\/\\\/www.estudioenfermeria.com\\\/portal\\\/actividades-complementarias-eps-2025\\\/#respond\"]}]},{\"@type\":\"WebPage\",\"@id\":\"https:\\\/\\\/www.estudioenfermeria.com\\\/portal\\\/actividades-complementarias-eps-2025\\\/\",\"url\":\"https:\\\/\\\/www.estudioenfermeria.com\\\/portal\\\/actividades-complementarias-eps-2025\\\/\",\"name\":\"Finalizan con \u00e9xito las actividades complementarias sobre EPS - estudioenfermeria.com\",\"isPartOf\":{\"@id\":\"https:\\\/\\\/www.estudioenfermeria.com\\\/portal\\\/#website\"},\"primaryImageOfPage\":{\"@id\":\"https:\\\/\\\/www.estudioenfermeria.com\\\/portal\\\/actividades-complementarias-eps-2025\\\/#primaryimage\"},\"image\":{\"@id\":\"https:\\\/\\\/www.estudioenfermeria.com\\\/portal\\\/actividades-complementarias-eps-2025\\\/#primaryimage\"},\"thumbnailUrl\":\"https:\\\/\\\/www.estudioenfermeria.com\\\/portal\\\/wp-content\\\/uploads\\\/2025\\\/05\\\/Act-Compl-EPS-2025-4.jpg\",\"datePublished\":\"2025-05-04T11:38:44+00:00\",\"description\":\"Finalizan las actividades de EPS en el Grado en Enfermer\u00eda de la UEx, con la participaci\u00f3n de PACAP-SEFyCEX y la coordinaci\u00f3n de los Prof. Dres. Francisco Jos\u00e9 Rodr\u00edguez Velasco y Guadalupe Gil Fern\u00e1ndez.\",\"breadcrumb\":{\"@id\":\"https:\\\/\\\/www.estudioenfermeria.com\\\/portal\\\/actividades-complementarias-eps-2025\\\/#breadcrumb\"},\"inLanguage\":\"es\",\"potentialAction\":[{\"@type\":\"ReadAction\",\"target\":[\"https:\\\/\\\/www.estudioenfermeria.com\\\/portal\\\/actividades-complementarias-eps-2025\\\/\"]}]},{\"@type\":\"ImageObject\",\"inLanguage\":\"es\",\"@id\":\"https:\\\/\\\/www.estudioenfermeria.com\\\/portal\\\/actividades-complementarias-eps-2025\\\/#primaryimage\",\"url\":\"https:\\\/\\\/www.estudioenfermeria.com\\\/portal\\\/wp-content\\\/uploads\\\/2025\\\/05\\\/Act-Compl-EPS-2025-4.jpg\",\"contentUrl\":\"https:\\\/\\\/www.estudioenfermeria.com\\\/portal\\\/wp-content\\\/uploads\\\/2025\\\/05\\\/Act-Compl-EPS-2025-4.jpg\",\"width\":2048,\"height\":1536},{\"@type\":\"BreadcrumbList\",\"@id\":\"https:\\\/\\\/www.estudioenfermeria.com\\\/portal\\\/actividades-complementarias-eps-2025\\\/#breadcrumb\",\"itemListElement\":[{\"@type\":\"ListItem\",\"position\":1,\"name\":\"Portada\",\"item\":\"https:\\\/\\\/www.estudioenfermeria.com\\\/portal\\\/\"},{\"@type\":\"ListItem\",\"position\":2,\"name\":\"Finalizan con \u00e9xito las actividades complementarias sobre EPS\"}]},{\"@type\":\"WebSite\",\"@id\":\"https:\\\/\\\/www.estudioenfermeria.com\\\/portal\\\/#website\",\"url\":\"https:\\\/\\\/www.estudioenfermeria.com\\\/portal\\\/\",\"name\":\"estudioenfermeria.com\",\"description\":\"Web para la educaci\u00f3n, investigaci\u00f3n, desarrollo e innovaci\u00f3n de la enfermer\u00eda\",\"publisher\":{\"@id\":\"https:\\\/\\\/www.estudioenfermeria.com\\\/portal\\\/#organization\"},\"alternateName\":\"estudioenfermeria\",\"potentialAction\":[{\"@type\":\"SearchAction\",\"target\":{\"@type\":\"EntryPoint\",\"urlTemplate\":\"https:\\\/\\\/www.estudioenfermeria.com\\\/portal\\\/?s={search_term_string}\"},\"query-input\":{\"@type\":\"PropertyValueSpecification\",\"valueRequired\":true,\"valueName\":\"search_term_string\"}}],\"inLanguage\":\"es\"},{\"@type\":\"Organization\",\"@id\":\"https:\\\/\\\/www.estudioenfermeria.com\\\/portal\\\/#organization\",\"name\":\"ESTUDIOENFERMERIA.COM\",\"alternateName\":\"ESTUDIOENFERMERIA\",\"url\":\"https:\\\/\\\/www.estudioenfermeria.com\\\/portal\\\/\",\"logo\":{\"@type\":\"ImageObject\",\"inLanguage\":\"es\",\"@id\":\"https:\\\/\\\/www.estudioenfermeria.com\\\/portal\\\/#\\\/schema\\\/logo\\\/image\\\/\",\"url\":\"https:\\\/\\\/www.estudioenfermeria.com\\\/portal\\\/wp-content\\\/uploads\\\/2020\\\/04\\\/logo_cabecera_fija_retina.png\",\"contentUrl\":\"https:\\\/\\\/www.estudioenfermeria.com\\\/portal\\\/wp-content\\\/uploads\\\/2020\\\/04\\\/logo_cabecera_fija_retina.png\",\"width\":363,\"height\":50,\"caption\":\"ESTUDIOENFERMERIA.COM\"},\"image\":{\"@id\":\"https:\\\/\\\/www.estudioenfermeria.com\\\/portal\\\/#\\\/schema\\\/logo\\\/image\\\/\"},\"sameAs\":[\"https:\\\/\\\/www.facebook.com\\\/estudioenfermeria\",\"https:\\\/\\\/x.com\\\/eenfermeria\",\"https:\\\/\\\/www.pinterest.es\\\/eenfermeria\\\/\",\"https:\\\/\\\/www.youtube.com\\\/estudioenfermeria\",\"https:\\\/\\\/www.tiktok.com\\\/@estudioenfermeria\",\"https:\\\/\\\/www.instagram.com\\\/estudio_enfermeria\\\/\"]},{\"@type\":\"Person\",\"@id\":\"https:\\\/\\\/www.estudioenfermeria.com\\\/portal\\\/#\\\/schema\\\/person\\\/ce75c912f9a6fa034283e7d4c0fb3474\",\"name\":\"estudioenfermeria.com\",\"image\":{\"@type\":\"ImageObject\",\"inLanguage\":\"es\",\"@id\":\"https:\\\/\\\/www.estudioenfermeria.com\\\/portal\\\/wp-content\\\/uploads\\\/2020\\\/04\\\/logoee.png\",\"url\":\"https:\\\/\\\/www.estudioenfermeria.com\\\/portal\\\/wp-content\\\/uploads\\\/2020\\\/04\\\/logoee.png\",\"contentUrl\":\"https:\\\/\\\/www.estudioenfermeria.com\\\/portal\\\/wp-content\\\/uploads\\\/2020\\\/04\\\/logoee.png\",\"caption\":\"estudioenfermeria.com\"},\"description\":\"Portal para el estudio e investigaci\u00f3n de la Enfermer\u00eda. Contiene las m\u00e1s avanzadas herramientas de educaci\u00f3n y formaci\u00f3n online.\",\"sameAs\":[\"http:\\\/\\\/www.estudioenfermeria.com\"]}]}<\/script>\n<!-- \/ Yoast SEO plugin. -->","yoast_head_json":{"title":"Finalizan con \u00e9xito las actividades complementarias sobre EPS - estudioenfermeria.com","description":"Finalizan las actividades de EPS en el Grado en Enfermer\u00eda de la UEx, con la participaci\u00f3n de PACAP-SEFyCEX y la coordinaci\u00f3n de los Prof. Dres. Francisco Jos\u00e9 Rodr\u00edguez Velasco y Guadalupe Gil Fern\u00e1ndez.","robots":{"index":"index","follow":"follow","max-snippet":"max-snippet:-1","max-image-preview":"max-image-preview:large","max-video-preview":"max-video-preview:-1"},"canonical":"https:\/\/www.estudioenfermeria.com\/portal\/actividades-complementarias-eps-2025\/","og_locale":"es_ES","og_type":"article","og_title":"Finalizan las actividades complementarias de EPS en la Facultad de Medicina y Ciencias de la Salud de la UEx","og_description":"\ud83e\ude7a\u2728 El pasado lunes, 28 de abril, finalizaron las actividades complementarias de formaci\u00f3n en Educaci\u00f3n para la Salud dirigidas al alumnado del Grado en Enfermer\u00eda de la Facultad de Medicina y Ciencias de la Salud de la @Universidad de Extremadura.Coordinadas por los Prof. Dres. Francisco Jos\u00e9 Rodr\u00edguez Velasco y Guadalupe Gil Fern\u00e1ndez, y con la participaci\u00f3n de profesionales de PACAP-SEFyCEX, estas sesiones han brindado a nuestros estudiantes una valiosa oportunidad para profundizar en el enfoque comunitario de la salud y adquirir herramientas pr\u00e1cticas para dise\u00f1ar intervenciones educativas en su futuro profesional. \ud83d\ude4c\u00a1Gracias a todo el equipo por hacer posible una formaci\u00f3n tan enriquecedora y comprometida con la salud de nuestra comunidad! \ud83d\udc9a\ud83d\udc69\u200d\u2695\ufe0f\ud83d\udc68\u200d\u2695\ufe0f#Educaci\u00f3nParaLaSalud #EPS #Enfermer\u00edaUEx #SaludComunitaria #PACAP #SEFyCEX #Formaci\u00f3nSanitaria #UEx","og_url":"https:\/\/www.estudioenfermeria.com\/portal\/actividades-complementarias-eps-2025\/","og_site_name":"estudioenfermeria.com","article_publisher":"https:\/\/www.facebook.com\/estudioenfermeria","article_published_time":"2025-05-04T11:38:44+00:00","og_image":[{"width":2048,"height":1536,"url":"https:\/\/www.estudioenfermeria.com\/portal\/wp-content\/uploads\/2025\/05\/Act-Compl-EPS-2025-4.jpg","type":"image\/jpeg"}],"author":"estudioenfermeria.com","twitter_card":"summary_large_image","twitter_title":"Finalizan las actividades complementarias de EPS en la Facultad de Medicina y Ciencias de la Salud de la UEx","twitter_description":"\ud83e\ude7a Finalizan las actividades de EPS en el Grado en #Enfermer\u00eda de la UEx, coordinadas por los Prof. Dres. Francisco Jos\u00e9 Rodr\u00edguez Velasco y Guadalupe Gil Fern\u00e1ndez, con la participaci\u00f3n de PACAP y SEFyCEX.","twitter_image":"https:\/\/www.estudioenfermeria.com\/portal\/wp-content\/uploads\/2025\/05\/Act-Compl-EPS-2025-4.jpg","twitter_creator":"@eenfermeria","twitter_site":"@eenfermeria","twitter_misc":{"Escrito por":"estudioenfermeria.com","Tiempo de lectura":"4 minutos"},"schema":{"@context":"https:\/\/schema.org","@graph":[{"@type":"Article","@id":"https:\/\/www.estudioenfermeria.com\/portal\/actividades-complementarias-eps-2025\/#article","isPartOf":{"@id":"https:\/\/www.estudioenfermeria.com\/portal\/actividades-complementarias-eps-2025\/"},"author":{"name":"estudioenfermeria.com","@id":"https:\/\/www.estudioenfermeria.com\/portal\/#\/schema\/person\/ce75c912f9a6fa034283e7d4c0fb3474"},"headline":"Finalizan con \u00e9xito las actividades complementarias sobre EPS","datePublished":"2025-05-04T11:38:44+00:00","mainEntityOfPage":{"@id":"https:\/\/www.estudioenfermeria.com\/portal\/actividades-complementarias-eps-2025\/"},"wordCount":1554,"commentCount":0,"publisher":{"@id":"https:\/\/www.estudioenfermeria.com\/portal\/#organization"},"image":{"@id":"https:\/\/www.estudioenfermeria.com\/portal\/actividades-complementarias-eps-2025\/#primaryimage"},"thumbnailUrl":"https:\/\/www.estudioenfermeria.com\/portal\/wp-content\/uploads\/2025\/05\/Act-Compl-EPS-2025-4.jpg","keywords":["educaci\u00f3n para la salud","eps","PACAP","salud comunitaria","SEFyCEX"],"articleSection":["EDUCACI\u00d3N PARA LA SALUD","NOTICIAS"],"inLanguage":"es","potentialAction":[{"@type":"CommentAction","name":"Comment","target":["https:\/\/www.estudioenfermeria.com\/portal\/actividades-complementarias-eps-2025\/#respond"]}]},{"@type":"WebPage","@id":"https:\/\/www.estudioenfermeria.com\/portal\/actividades-complementarias-eps-2025\/","url":"https:\/\/www.estudioenfermeria.com\/portal\/actividades-complementarias-eps-2025\/","name":"Finalizan con \u00e9xito las actividades complementarias sobre EPS - estudioenfermeria.com","isPartOf":{"@id":"https:\/\/www.estudioenfermeria.com\/portal\/#website"},"primaryImageOfPage":{"@id":"https:\/\/www.estudioenfermeria.com\/portal\/actividades-complementarias-eps-2025\/#primaryimage"},"image":{"@id":"https:\/\/www.estudioenfermeria.com\/portal\/actividades-complementarias-eps-2025\/#primaryimage"},"thumbnailUrl":"https:\/\/www.estudioenfermeria.com\/portal\/wp-content\/uploads\/2025\/05\/Act-Compl-EPS-2025-4.jpg","datePublished":"2025-05-04T11:38:44+00:00","description":"Finalizan las actividades de EPS en el Grado en Enfermer\u00eda de la UEx, con la participaci\u00f3n de PACAP-SEFyCEX y la coordinaci\u00f3n de los Prof. Dres. Francisco Jos\u00e9 Rodr\u00edguez Velasco y Guadalupe Gil Fern\u00e1ndez.","breadcrumb":{"@id":"https:\/\/www.estudioenfermeria.com\/portal\/actividades-complementarias-eps-2025\/#breadcrumb"},"inLanguage":"es","potentialAction":[{"@type":"ReadAction","target":["https:\/\/www.estudioenfermeria.com\/portal\/actividades-complementarias-eps-2025\/"]}]},{"@type":"ImageObject","inLanguage":"es","@id":"https:\/\/www.estudioenfermeria.com\/portal\/actividades-complementarias-eps-2025\/#primaryimage","url":"https:\/\/www.estudioenfermeria.com\/portal\/wp-content\/uploads\/2025\/05\/Act-Compl-EPS-2025-4.jpg","contentUrl":"https:\/\/www.estudioenfermeria.com\/portal\/wp-content\/uploads\/2025\/05\/Act-Compl-EPS-2025-4.jpg","width":2048,"height":1536},{"@type":"BreadcrumbList","@id":"https:\/\/www.estudioenfermeria.com\/portal\/actividades-complementarias-eps-2025\/#breadcrumb","itemListElement":[{"@type":"ListItem","position":1,"name":"Portada","item":"https:\/\/www.estudioenfermeria.com\/portal\/"},{"@type":"ListItem","position":2,"name":"Finalizan con \u00e9xito las actividades complementarias sobre EPS"}]},{"@type":"WebSite","@id":"https:\/\/www.estudioenfermeria.com\/portal\/#website","url":"https:\/\/www.estudioenfermeria.com\/portal\/","name":"estudioenfermeria.com","description":"Web para la educaci\u00f3n, investigaci\u00f3n, desarrollo e innovaci\u00f3n de la enfermer\u00eda","publisher":{"@id":"https:\/\/www.estudioenfermeria.com\/portal\/#organization"},"alternateName":"estudioenfermeria","potentialAction":[{"@type":"SearchAction","target":{"@type":"EntryPoint","urlTemplate":"https:\/\/www.estudioenfermeria.com\/portal\/?s={search_term_string}"},"query-input":{"@type":"PropertyValueSpecification","valueRequired":true,"valueName":"search_term_string"}}],"inLanguage":"es"},{"@type":"Organization","@id":"https:\/\/www.estudioenfermeria.com\/portal\/#organization","name":"ESTUDIOENFERMERIA.COM","alternateName":"ESTUDIOENFERMERIA","url":"https:\/\/www.estudioenfermeria.com\/portal\/","logo":{"@type":"ImageObject","inLanguage":"es","@id":"https:\/\/www.estudioenfermeria.com\/portal\/#\/schema\/logo\/image\/","url":"https:\/\/www.estudioenfermeria.com\/portal\/wp-content\/uploads\/2020\/04\/logo_cabecera_fija_retina.png","contentUrl":"https:\/\/www.estudioenfermeria.com\/portal\/wp-content\/uploads\/2020\/04\/logo_cabecera_fija_retina.png","width":363,"height":50,"caption":"ESTUDIOENFERMERIA.COM"},"image":{"@id":"https:\/\/www.estudioenfermeria.com\/portal\/#\/schema\/logo\/image\/"},"sameAs":["https:\/\/www.facebook.com\/estudioenfermeria","https:\/\/x.com\/eenfermeria","https:\/\/www.pinterest.es\/eenfermeria\/","https:\/\/www.youtube.com\/estudioenfermeria","https:\/\/www.tiktok.com\/@estudioenfermeria","https:\/\/www.instagram.com\/estudio_enfermeria\/"]},{"@type":"Person","@id":"https:\/\/www.estudioenfermeria.com\/portal\/#\/schema\/person\/ce75c912f9a6fa034283e7d4c0fb3474","name":"estudioenfermeria.com","image":{"@type":"ImageObject","inLanguage":"es","@id":"https:\/\/www.estudioenfermeria.com\/portal\/wp-content\/uploads\/2020\/04\/logoee.png","url":"https:\/\/www.estudioenfermeria.com\/portal\/wp-content\/uploads\/2020\/04\/logoee.png","contentUrl":"https:\/\/www.estudioenfermeria.com\/portal\/wp-content\/uploads\/2020\/04\/logoee.png","caption":"estudioenfermeria.com"},"description":"Portal para el estudio e investigaci\u00f3n de la Enfermer\u00eda. Contiene las m\u00e1s avanzadas herramientas de educaci\u00f3n y formaci\u00f3n online.","sameAs":["http:\/\/www.estudioenfermeria.com"]}]}},"_links":{"self":[{"href":"https:\/\/www.estudioenfermeria.com\/portal\/wp-json\/wp\/v2\/posts\/8545","targetHints":{"allow":["GET"]}}],"collection":[{"href":"https:\/\/www.estudioenfermeria.com\/portal\/wp-json\/wp\/v2\/posts"}],"about":[{"href":"https:\/\/www.estudioenfermeria.com\/portal\/wp-json\/wp\/v2\/types\/post"}],"author":[{"embeddable":true,"href":"https:\/\/www.estudioenfermeria.com\/portal\/wp-json\/wp\/v2\/users\/1"}],"replies":[{"embeddable":true,"href":"https:\/\/www.estudioenfermeria.com\/portal\/wp-json\/wp\/v2\/comments?post=8545"}],"version-history":[{"count":5,"href":"https:\/\/www.estudioenfermeria.com\/portal\/wp-json\/wp\/v2\/posts\/8545\/revisions"}],"predecessor-version":[{"id":8563,"href":"https:\/\/www.estudioenfermeria.com\/portal\/wp-json\/wp\/v2\/posts\/8545\/revisions\/8563"}],"wp:featuredmedia":[{"embeddable":true,"href":"https:\/\/www.estudioenfermeria.com\/portal\/wp-json\/wp\/v2\/media\/8552"}],"wp:attachment":[{"href":"https:\/\/www.estudioenfermeria.com\/portal\/wp-json\/wp\/v2\/media?parent=8545"}],"wp:term":[{"taxonomy":"category","embeddable":true,"href":"https:\/\/www.estudioenfermeria.com\/portal\/wp-json\/wp\/v2\/categories?post=8545"},{"taxonomy":"post_tag","embeddable":true,"href":"https:\/\/www.estudioenfermeria.com\/portal\/wp-json\/wp\/v2\/tags?post=8545"}],"curies":[{"name":"wp","href":"https:\/\/api.w.org\/{rel}","templated":true}]}}