{"id":6560,"date":"2021-05-05T14:40:33","date_gmt":"2021-05-05T12:40:33","guid":{"rendered":"https:\/\/www.estudioenfermeria.com\/portal\/?p=6560"},"modified":"2021-05-13T14:36:11","modified_gmt":"2021-05-13T12:36:11","slug":"video-sobre-la-sintomatologia-de-la-ansiedad","status":"publish","type":"post","link":"https:\/\/www.estudioenfermeria.com\/portal\/video-sobre-la-sintomatologia-de-la-ansiedad\/","title":{"rendered":"V\u00eddeo sobre la sintomatolog\u00eda de la ansiedad"},"content":{"rendered":"<div class=\"fusion-fullwidth fullwidth-box fusion-builder-row-1 fusion-flex-container nonhundred-percent-fullwidth non-hundred-percent-height-scrolling\" style=\"--awb-border-radius-top-left:0px;--awb-border-radius-top-right:0px;--awb-border-radius-bottom-right:0px;--awb-border-radius-bottom-left:0px;--awb-flex-wrap:wrap;\" ><div class=\"fusion-builder-row fusion-row fusion-flex-align-items-flex-start fusion-flex-content-wrap\" style=\"max-width:1216.8px;margin-left: calc(-4% \/ 2 );margin-right: calc(-4% \/ 2 );\"><div class=\"fusion-layout-column fusion_builder_column fusion-builder-column-0 fusion_builder_column_1_1 1_1 fusion-flex-column\" style=\"--awb-bg-size:cover;--awb-width-large:100%;--awb-margin-top-large:0px;--awb-spacing-right-large:1.92%;--awb-margin-bottom-large:20px;--awb-spacing-left-large:1.92%;--awb-width-medium:100%;--awb-order-medium:0;--awb-spacing-right-medium:1.92%;--awb-spacing-left-medium:1.92%;--awb-width-small:100%;--awb-order-small:0;--awb-spacing-right-small:1.92%;--awb-spacing-left-small:1.92%;\"><div class=\"fusion-column-wrapper fusion-column-has-shadow fusion-flex-justify-content-flex-start fusion-content-layout-column\"><div class=\"fusion-text fusion-text-1\"><h2 style=\"text-align: center\">\u00a1Hola de nuevo!<\/h2>\n<p style=\"text-align: center\">Hoy, al igual que con el estr\u00e9s, os traemos un breve v\u00eddeo referente a los s\u00edntomas de la <strong>ansiedad<\/strong>,<\/p>\n<p style=\"text-align: center\">dado que, esta es una forma m\u00e1s did\u00e1ctica.<\/p>\n<h4 style=\"text-align: center\"><strong>4 claves<\/strong> para calmar la ansiedad:<\/h4>\n<h3 style=\"text-align: center\">&#8211; Rel\u00e1jate<\/h3>\n<h3 style=\"text-align: center\">&#8211; Haz deporte<\/h3>\n<h3 style=\"text-align: center\">&#8211; Duerme lo suficiente<\/h3>\n<h3 style=\"text-align: center\"><strong>&#8211; \u00a1\u00a1\u00a1NUNCA TE OLVIDES DE SOREIR!!!<\/strong><\/h3>\n<\/div><div class=\"fusion-video fusion-youtube\" style=\"--awb-max-width:600px;--awb-max-height:360px;--awb-align-self:center;--awb-width:100%;\"><div class=\"video-shortcode\"><div class=\"fluid-width-video-wrapper\" style=\"padding-top:60%;\" ><iframe title=\"YouTube video player 1\" src=\"https:\/\/www.youtube.com\/embed\/by8wxD6CaYw?wmode=transparent&autoplay=0\" width=\"600\" height=\"360\" allowfullscreen allow=\"autoplay; clipboard-write; encrypted-media; gyroscope; picture-in-picture;\"><\/iframe><\/div><\/div><\/div><div class=\"fusion-text fusion-text-2\"><p><em>Estas publicaciones est\u00e1n realizadas por el grupo 4 de la asignatura Educaci\u00f3n para la Salud de 3\u00ba curso del Grado Enfermer\u00eda de la Facultad de Medicina y Ciencias de la Salud de la Universidad de Extremadura. El grupo est\u00e1 formado por: Miguel Donaire Tirado, Virginia Gaviro L\u00f3pez, Luc\u00eda P\u00e9rez Silva, Alba Silva Vaz y Leonor Villar Jim\u00e9nez.<\/em><\/p>\n<p><em>Con la colaboraci\u00f3n de Cristina D\u00edaz Cuadrado.<\/em><\/p>\n<\/div><\/div><\/div><\/div><\/div>\n","protected":false},"excerpt":{"rendered":"","protected":false},"author":21,"featured_media":6563,"comment_status":"open","ping_status":"open","sticky":false,"template":"","format":"standard","meta":{"footnotes":""},"categories":[165,164,205],"tags":[184,172],"class_list":["post-6560","post","type-post","status-publish","format-standard","has-post-thumbnail","hentry","category-covid-19","category-eps","category-project_eps_20_21","tag-ansiedad","tag-salud_mental"],"yoast_head":"<!-- This site is optimized with the Yoast SEO plugin v27.4 - https:\/\/yoast.com\/product\/yoast-seo-wordpress\/ -->\n<title>V\u00eddeo sobre la sintomatolog\u00eda de la ansiedad - estudioenfermeria.com<\/title>\n<meta name=\"robots\" content=\"index, follow, max-snippet:-1, max-image-preview:large, max-video-preview:-1\" \/>\n<link rel=\"canonical\" href=\"https:\/\/www.estudioenfermeria.com\/portal\/video-sobre-la-sintomatologia-de-la-ansiedad\/\" \/>\n<meta property=\"og:locale\" content=\"es_ES\" \/>\n<meta property=\"og:type\" content=\"article\" \/>\n<meta property=\"og:title\" content=\"V\u00eddeo sobre la sintomatolog\u00eda de la ansiedad - estudioenfermeria.com\" \/>\n<meta property=\"og:url\" content=\"https:\/\/www.estudioenfermeria.com\/portal\/video-sobre-la-sintomatologia-de-la-ansiedad\/\" \/>\n<meta property=\"og:site_name\" content=\"estudioenfermeria.com\" \/>\n<meta property=\"article:publisher\" content=\"https:\/\/www.facebook.com\/estudioenfermeria\" \/>\n<meta property=\"article:published_time\" content=\"2021-05-05T12:40:33+00:00\" \/>\n<meta property=\"article:modified_time\" content=\"2021-05-13T12:36:11+00:00\" \/>\n<meta property=\"og:image\" content=\"https:\/\/www.estudioenfermeria.com\/portal\/wp-content\/uploads\/2021\/05\/VIDEO-SOBRE-LA-SINTOMATOLOGIA-DE-LA-ANDIEDAD-e1620909263297.png\" \/>\n\t<meta property=\"og:image:width\" content=\"1280\" \/>\n\t<meta property=\"og:image:height\" content=\"480\" \/>\n\t<meta property=\"og:image:type\" content=\"image\/png\" \/>\n<meta name=\"author\" content=\"Luc\u00eda P\u00e9rez Silva\" \/>\n<meta name=\"twitter:card\" content=\"summary_large_image\" \/>\n<meta name=\"twitter:creator\" content=\"@eenfermeria\" \/>\n<meta name=\"twitter:site\" content=\"@eenfermeria\" \/>\n<meta name=\"twitter:label1\" content=\"Escrito por\" \/>\n\t<meta name=\"twitter:data1\" content=\"Luc\u00eda P\u00e9rez Silva\" \/>\n<script type=\"application\/ld+json\" class=\"yoast-schema-graph\">{\"@context\":\"https:\\\/\\\/schema.org\",\"@graph\":[{\"@type\":\"Article\",\"@id\":\"https:\\\/\\\/www.estudioenfermeria.com\\\/portal\\\/video-sobre-la-sintomatologia-de-la-ansiedad\\\/#article\",\"isPartOf\":{\"@id\":\"https:\\\/\\\/www.estudioenfermeria.com\\\/portal\\\/video-sobre-la-sintomatologia-de-la-ansiedad\\\/\"},\"author\":{\"name\":\"Luc\u00eda P\u00e9rez Silva\",\"@id\":\"https:\\\/\\\/www.estudioenfermeria.com\\\/portal\\\/#\\\/schema\\\/person\\\/3d80433a233692ab6f6040f0eba54d9a\"},\"headline\":\"V\u00eddeo sobre la sintomatolog\u00eda de la ansiedad\",\"datePublished\":\"2021-05-05T12:40:33+00:00\",\"dateModified\":\"2021-05-13T12:36:11+00:00\",\"mainEntityOfPage\":{\"@id\":\"https:\\\/\\\/www.estudioenfermeria.com\\\/portal\\\/video-sobre-la-sintomatologia-de-la-ansiedad\\\/\"},\"wordCount\":848,\"commentCount\":0,\"publisher\":{\"@id\":\"https:\\\/\\\/www.estudioenfermeria.com\\\/portal\\\/#organization\"},\"image\":{\"@id\":\"https:\\\/\\\/www.estudioenfermeria.com\\\/portal\\\/video-sobre-la-sintomatologia-de-la-ansiedad\\\/#primaryimage\"},\"thumbnailUrl\":\"https:\\\/\\\/www.estudioenfermeria.com\\\/portal\\\/wp-content\\\/uploads\\\/2021\\\/05\\\/VIDEO-SOBRE-LA-SINTOMATOLOGIA-DE-LA-ANDIEDAD-e1620909263297.png\",\"keywords\":[\"Ansiedad\",\"salud mental\"],\"articleSection\":[\"Coronavirus\",\"EDUCACI\u00d3N PARA LA SALUD\",\"Proyectos EPS - 2020-2021\"],\"inLanguage\":\"es\",\"potentialAction\":[{\"@type\":\"CommentAction\",\"name\":\"Comment\",\"target\":[\"https:\\\/\\\/www.estudioenfermeria.com\\\/portal\\\/video-sobre-la-sintomatologia-de-la-ansiedad\\\/#respond\"]}]},{\"@type\":\"WebPage\",\"@id\":\"https:\\\/\\\/www.estudioenfermeria.com\\\/portal\\\/video-sobre-la-sintomatologia-de-la-ansiedad\\\/\",\"url\":\"https:\\\/\\\/www.estudioenfermeria.com\\\/portal\\\/video-sobre-la-sintomatologia-de-la-ansiedad\\\/\",\"name\":\"V\u00eddeo sobre la sintomatolog\u00eda de la ansiedad - estudioenfermeria.com\",\"isPartOf\":{\"@id\":\"https:\\\/\\\/www.estudioenfermeria.com\\\/portal\\\/#website\"},\"primaryImageOfPage\":{\"@id\":\"https:\\\/\\\/www.estudioenfermeria.com\\\/portal\\\/video-sobre-la-sintomatologia-de-la-ansiedad\\\/#primaryimage\"},\"image\":{\"@id\":\"https:\\\/\\\/www.estudioenfermeria.com\\\/portal\\\/video-sobre-la-sintomatologia-de-la-ansiedad\\\/#primaryimage\"},\"thumbnailUrl\":\"https:\\\/\\\/www.estudioenfermeria.com\\\/portal\\\/wp-content\\\/uploads\\\/2021\\\/05\\\/VIDEO-SOBRE-LA-SINTOMATOLOGIA-DE-LA-ANDIEDAD-e1620909263297.png\",\"datePublished\":\"2021-05-05T12:40:33+00:00\",\"dateModified\":\"2021-05-13T12:36:11+00:00\",\"breadcrumb\":{\"@id\":\"https:\\\/\\\/www.estudioenfermeria.com\\\/portal\\\/video-sobre-la-sintomatologia-de-la-ansiedad\\\/#breadcrumb\"},\"inLanguage\":\"es\",\"potentialAction\":[{\"@type\":\"ReadAction\",\"target\":[\"https:\\\/\\\/www.estudioenfermeria.com\\\/portal\\\/video-sobre-la-sintomatologia-de-la-ansiedad\\\/\"]}]},{\"@type\":\"ImageObject\",\"inLanguage\":\"es\",\"@id\":\"https:\\\/\\\/www.estudioenfermeria.com\\\/portal\\\/video-sobre-la-sintomatologia-de-la-ansiedad\\\/#primaryimage\",\"url\":\"https:\\\/\\\/www.estudioenfermeria.com\\\/portal\\\/wp-content\\\/uploads\\\/2021\\\/05\\\/VIDEO-SOBRE-LA-SINTOMATOLOGIA-DE-LA-ANDIEDAD-e1620909263297.png\",\"contentUrl\":\"https:\\\/\\\/www.estudioenfermeria.com\\\/portal\\\/wp-content\\\/uploads\\\/2021\\\/05\\\/VIDEO-SOBRE-LA-SINTOMATOLOGIA-DE-LA-ANDIEDAD-e1620909263297.png\",\"width\":1280,\"height\":480},{\"@type\":\"BreadcrumbList\",\"@id\":\"https:\\\/\\\/www.estudioenfermeria.com\\\/portal\\\/video-sobre-la-sintomatologia-de-la-ansiedad\\\/#breadcrumb\",\"itemListElement\":[{\"@type\":\"ListItem\",\"position\":1,\"name\":\"Portada\",\"item\":\"https:\\\/\\\/www.estudioenfermeria.com\\\/portal\\\/\"},{\"@type\":\"ListItem\",\"position\":2,\"name\":\"V\u00eddeo sobre la sintomatolog\u00eda de la ansiedad\"}]},{\"@type\":\"WebSite\",\"@id\":\"https:\\\/\\\/www.estudioenfermeria.com\\\/portal\\\/#website\",\"url\":\"https:\\\/\\\/www.estudioenfermeria.com\\\/portal\\\/\",\"name\":\"estudioenfermeria.com\",\"description\":\"Web para la educaci\u00f3n, investigaci\u00f3n, desarrollo e innovaci\u00f3n de la enfermer\u00eda\",\"publisher\":{\"@id\":\"https:\\\/\\\/www.estudioenfermeria.com\\\/portal\\\/#organization\"},\"alternateName\":\"estudioenfermeria\",\"potentialAction\":[{\"@type\":\"SearchAction\",\"target\":{\"@type\":\"EntryPoint\",\"urlTemplate\":\"https:\\\/\\\/www.estudioenfermeria.com\\\/portal\\\/?s={search_term_string}\"},\"query-input\":{\"@type\":\"PropertyValueSpecification\",\"valueRequired\":true,\"valueName\":\"search_term_string\"}}],\"inLanguage\":\"es\"},{\"@type\":\"Organization\",\"@id\":\"https:\\\/\\\/www.estudioenfermeria.com\\\/portal\\\/#organization\",\"name\":\"ESTUDIOENFERMERIA.COM\",\"alternateName\":\"ESTUDIOENFERMERIA\",\"url\":\"https:\\\/\\\/www.estudioenfermeria.com\\\/portal\\\/\",\"logo\":{\"@type\":\"ImageObject\",\"inLanguage\":\"es\",\"@id\":\"https:\\\/\\\/www.estudioenfermeria.com\\\/portal\\\/#\\\/schema\\\/logo\\\/image\\\/\",\"url\":\"https:\\\/\\\/www.estudioenfermeria.com\\\/portal\\\/wp-content\\\/uploads\\\/2020\\\/04\\\/logo_cabecera_fija_retina.png\",\"contentUrl\":\"https:\\\/\\\/www.estudioenfermeria.com\\\/portal\\\/wp-content\\\/uploads\\\/2020\\\/04\\\/logo_cabecera_fija_retina.png\",\"width\":363,\"height\":50,\"caption\":\"ESTUDIOENFERMERIA.COM\"},\"image\":{\"@id\":\"https:\\\/\\\/www.estudioenfermeria.com\\\/portal\\\/#\\\/schema\\\/logo\\\/image\\\/\"},\"sameAs\":[\"https:\\\/\\\/www.facebook.com\\\/estudioenfermeria\",\"https:\\\/\\\/x.com\\\/eenfermeria\",\"https:\\\/\\\/www.pinterest.es\\\/eenfermeria\\\/\",\"https:\\\/\\\/www.youtube.com\\\/estudioenfermeria\",\"https:\\\/\\\/www.tiktok.com\\\/@estudioenfermeria\",\"https:\\\/\\\/www.instagram.com\\\/estudio_enfermeria\\\/\"]},{\"@type\":\"Person\",\"@id\":\"https:\\\/\\\/www.estudioenfermeria.com\\\/portal\\\/#\\\/schema\\\/person\\\/3d80433a233692ab6f6040f0eba54d9a\",\"name\":\"Luc\u00eda P\u00e9rez Silva\",\"image\":{\"@type\":\"ImageObject\",\"inLanguage\":\"es\",\"@id\":\"https:\\\/\\\/secure.gravatar.com\\\/avatar\\\/a53c8208fcabb1ef6321910217b585f545023115a8f8b48233eae9644decde35?s=96&d=mm&r=g\",\"url\":\"https:\\\/\\\/secure.gravatar.com\\\/avatar\\\/a53c8208fcabb1ef6321910217b585f545023115a8f8b48233eae9644decde35?s=96&d=mm&r=g\",\"contentUrl\":\"https:\\\/\\\/secure.gravatar.com\\\/avatar\\\/a53c8208fcabb1ef6321910217b585f545023115a8f8b48233eae9644decde35?s=96&d=mm&r=g\",\"caption\":\"Luc\u00eda P\u00e9rez Silva\"}}]}<\/script>\n<!-- \/ Yoast SEO plugin. -->","yoast_head_json":{"title":"V\u00eddeo sobre la sintomatolog\u00eda de la ansiedad - estudioenfermeria.com","robots":{"index":"index","follow":"follow","max-snippet":"max-snippet:-1","max-image-preview":"max-image-preview:large","max-video-preview":"max-video-preview:-1"},"canonical":"https:\/\/www.estudioenfermeria.com\/portal\/video-sobre-la-sintomatologia-de-la-ansiedad\/","og_locale":"es_ES","og_type":"article","og_title":"V\u00eddeo sobre la sintomatolog\u00eda de la ansiedad - estudioenfermeria.com","og_url":"https:\/\/www.estudioenfermeria.com\/portal\/video-sobre-la-sintomatologia-de-la-ansiedad\/","og_site_name":"estudioenfermeria.com","article_publisher":"https:\/\/www.facebook.com\/estudioenfermeria","article_published_time":"2021-05-05T12:40:33+00:00","article_modified_time":"2021-05-13T12:36:11+00:00","og_image":[{"width":1280,"height":480,"url":"https:\/\/www.estudioenfermeria.com\/portal\/wp-content\/uploads\/2021\/05\/VIDEO-SOBRE-LA-SINTOMATOLOGIA-DE-LA-ANDIEDAD-e1620909263297.png","type":"image\/png"}],"author":"Luc\u00eda P\u00e9rez Silva","twitter_card":"summary_large_image","twitter_creator":"@eenfermeria","twitter_site":"@eenfermeria","twitter_misc":{"Escrito por":"Luc\u00eda P\u00e9rez Silva"},"schema":{"@context":"https:\/\/schema.org","@graph":[{"@type":"Article","@id":"https:\/\/www.estudioenfermeria.com\/portal\/video-sobre-la-sintomatologia-de-la-ansiedad\/#article","isPartOf":{"@id":"https:\/\/www.estudioenfermeria.com\/portal\/video-sobre-la-sintomatologia-de-la-ansiedad\/"},"author":{"name":"Luc\u00eda P\u00e9rez Silva","@id":"https:\/\/www.estudioenfermeria.com\/portal\/#\/schema\/person\/3d80433a233692ab6f6040f0eba54d9a"},"headline":"V\u00eddeo sobre la sintomatolog\u00eda de la ansiedad","datePublished":"2021-05-05T12:40:33+00:00","dateModified":"2021-05-13T12:36:11+00:00","mainEntityOfPage":{"@id":"https:\/\/www.estudioenfermeria.com\/portal\/video-sobre-la-sintomatologia-de-la-ansiedad\/"},"wordCount":848,"commentCount":0,"publisher":{"@id":"https:\/\/www.estudioenfermeria.com\/portal\/#organization"},"image":{"@id":"https:\/\/www.estudioenfermeria.com\/portal\/video-sobre-la-sintomatologia-de-la-ansiedad\/#primaryimage"},"thumbnailUrl":"https:\/\/www.estudioenfermeria.com\/portal\/wp-content\/uploads\/2021\/05\/VIDEO-SOBRE-LA-SINTOMATOLOGIA-DE-LA-ANDIEDAD-e1620909263297.png","keywords":["Ansiedad","salud mental"],"articleSection":["Coronavirus","EDUCACI\u00d3N PARA LA SALUD","Proyectos EPS - 2020-2021"],"inLanguage":"es","potentialAction":[{"@type":"CommentAction","name":"Comment","target":["https:\/\/www.estudioenfermeria.com\/portal\/video-sobre-la-sintomatologia-de-la-ansiedad\/#respond"]}]},{"@type":"WebPage","@id":"https:\/\/www.estudioenfermeria.com\/portal\/video-sobre-la-sintomatologia-de-la-ansiedad\/","url":"https:\/\/www.estudioenfermeria.com\/portal\/video-sobre-la-sintomatologia-de-la-ansiedad\/","name":"V\u00eddeo sobre la sintomatolog\u00eda de la ansiedad - estudioenfermeria.com","isPartOf":{"@id":"https:\/\/www.estudioenfermeria.com\/portal\/#website"},"primaryImageOfPage":{"@id":"https:\/\/www.estudioenfermeria.com\/portal\/video-sobre-la-sintomatologia-de-la-ansiedad\/#primaryimage"},"image":{"@id":"https:\/\/www.estudioenfermeria.com\/portal\/video-sobre-la-sintomatologia-de-la-ansiedad\/#primaryimage"},"thumbnailUrl":"https:\/\/www.estudioenfermeria.com\/portal\/wp-content\/uploads\/2021\/05\/VIDEO-SOBRE-LA-SINTOMATOLOGIA-DE-LA-ANDIEDAD-e1620909263297.png","datePublished":"2021-05-05T12:40:33+00:00","dateModified":"2021-05-13T12:36:11+00:00","breadcrumb":{"@id":"https:\/\/www.estudioenfermeria.com\/portal\/video-sobre-la-sintomatologia-de-la-ansiedad\/#breadcrumb"},"inLanguage":"es","potentialAction":[{"@type":"ReadAction","target":["https:\/\/www.estudioenfermeria.com\/portal\/video-sobre-la-sintomatologia-de-la-ansiedad\/"]}]},{"@type":"ImageObject","inLanguage":"es","@id":"https:\/\/www.estudioenfermeria.com\/portal\/video-sobre-la-sintomatologia-de-la-ansiedad\/#primaryimage","url":"https:\/\/www.estudioenfermeria.com\/portal\/wp-content\/uploads\/2021\/05\/VIDEO-SOBRE-LA-SINTOMATOLOGIA-DE-LA-ANDIEDAD-e1620909263297.png","contentUrl":"https:\/\/www.estudioenfermeria.com\/portal\/wp-content\/uploads\/2021\/05\/VIDEO-SOBRE-LA-SINTOMATOLOGIA-DE-LA-ANDIEDAD-e1620909263297.png","width":1280,"height":480},{"@type":"BreadcrumbList","@id":"https:\/\/www.estudioenfermeria.com\/portal\/video-sobre-la-sintomatologia-de-la-ansiedad\/#breadcrumb","itemListElement":[{"@type":"ListItem","position":1,"name":"Portada","item":"https:\/\/www.estudioenfermeria.com\/portal\/"},{"@type":"ListItem","position":2,"name":"V\u00eddeo sobre la sintomatolog\u00eda de la ansiedad"}]},{"@type":"WebSite","@id":"https:\/\/www.estudioenfermeria.com\/portal\/#website","url":"https:\/\/www.estudioenfermeria.com\/portal\/","name":"estudioenfermeria.com","description":"Web para la educaci\u00f3n, investigaci\u00f3n, desarrollo e innovaci\u00f3n de la enfermer\u00eda","publisher":{"@id":"https:\/\/www.estudioenfermeria.com\/portal\/#organization"},"alternateName":"estudioenfermeria","potentialAction":[{"@type":"SearchAction","target":{"@type":"EntryPoint","urlTemplate":"https:\/\/www.estudioenfermeria.com\/portal\/?s={search_term_string}"},"query-input":{"@type":"PropertyValueSpecification","valueRequired":true,"valueName":"search_term_string"}}],"inLanguage":"es"},{"@type":"Organization","@id":"https:\/\/www.estudioenfermeria.com\/portal\/#organization","name":"ESTUDIOENFERMERIA.COM","alternateName":"ESTUDIOENFERMERIA","url":"https:\/\/www.estudioenfermeria.com\/portal\/","logo":{"@type":"ImageObject","inLanguage":"es","@id":"https:\/\/www.estudioenfermeria.com\/portal\/#\/schema\/logo\/image\/","url":"https:\/\/www.estudioenfermeria.com\/portal\/wp-content\/uploads\/2020\/04\/logo_cabecera_fija_retina.png","contentUrl":"https:\/\/www.estudioenfermeria.com\/portal\/wp-content\/uploads\/2020\/04\/logo_cabecera_fija_retina.png","width":363,"height":50,"caption":"ESTUDIOENFERMERIA.COM"},"image":{"@id":"https:\/\/www.estudioenfermeria.com\/portal\/#\/schema\/logo\/image\/"},"sameAs":["https:\/\/www.facebook.com\/estudioenfermeria","https:\/\/x.com\/eenfermeria","https:\/\/www.pinterest.es\/eenfermeria\/","https:\/\/www.youtube.com\/estudioenfermeria","https:\/\/www.tiktok.com\/@estudioenfermeria","https:\/\/www.instagram.com\/estudio_enfermeria\/"]},{"@type":"Person","@id":"https:\/\/www.estudioenfermeria.com\/portal\/#\/schema\/person\/3d80433a233692ab6f6040f0eba54d9a","name":"Luc\u00eda P\u00e9rez Silva","image":{"@type":"ImageObject","inLanguage":"es","@id":"https:\/\/secure.gravatar.com\/avatar\/a53c8208fcabb1ef6321910217b585f545023115a8f8b48233eae9644decde35?s=96&d=mm&r=g","url":"https:\/\/secure.gravatar.com\/avatar\/a53c8208fcabb1ef6321910217b585f545023115a8f8b48233eae9644decde35?s=96&d=mm&r=g","contentUrl":"https:\/\/secure.gravatar.com\/avatar\/a53c8208fcabb1ef6321910217b585f545023115a8f8b48233eae9644decde35?s=96&d=mm&r=g","caption":"Luc\u00eda P\u00e9rez Silva"}}]}},"_links":{"self":[{"href":"https:\/\/www.estudioenfermeria.com\/portal\/wp-json\/wp\/v2\/posts\/6560","targetHints":{"allow":["GET"]}}],"collection":[{"href":"https:\/\/www.estudioenfermeria.com\/portal\/wp-json\/wp\/v2\/posts"}],"about":[{"href":"https:\/\/www.estudioenfermeria.com\/portal\/wp-json\/wp\/v2\/types\/post"}],"author":[{"embeddable":true,"href":"https:\/\/www.estudioenfermeria.com\/portal\/wp-json\/wp\/v2\/users\/21"}],"replies":[{"embeddable":true,"href":"https:\/\/www.estudioenfermeria.com\/portal\/wp-json\/wp\/v2\/comments?post=6560"}],"version-history":[{"count":4,"href":"https:\/\/www.estudioenfermeria.com\/portal\/wp-json\/wp\/v2\/posts\/6560\/revisions"}],"predecessor-version":[{"id":7179,"href":"https:\/\/www.estudioenfermeria.com\/portal\/wp-json\/wp\/v2\/posts\/6560\/revisions\/7179"}],"wp:featuredmedia":[{"embeddable":true,"href":"https:\/\/www.estudioenfermeria.com\/portal\/wp-json\/wp\/v2\/media\/6563"}],"wp:attachment":[{"href":"https:\/\/www.estudioenfermeria.com\/portal\/wp-json\/wp\/v2\/media?parent=6560"}],"wp:term":[{"taxonomy":"category","embeddable":true,"href":"https:\/\/www.estudioenfermeria.com\/portal\/wp-json\/wp\/v2\/categories?post=6560"},{"taxonomy":"post_tag","embeddable":true,"href":"https:\/\/www.estudioenfermeria.com\/portal\/wp-json\/wp\/v2\/tags?post=6560"}],"curies":[{"name":"wp","href":"https:\/\/api.w.org\/{rel}","templated":true}]}}