{"id":5961,"date":"2021-05-03T19:42:05","date_gmt":"2021-05-03T17:42:05","guid":{"rendered":"https:\/\/www.estudioenfermeria.com\/portal\/?p=5961"},"modified":"2021-05-13T19:01:14","modified_gmt":"2021-05-13T17:01:14","slug":"estres-durante-la-covid-19","status":"publish","type":"post","link":"https:\/\/www.estudioenfermeria.com\/portal\/estres-durante-la-covid-19\/","title":{"rendered":"Estr\u00e9s durante la COVID-19"},"content":{"rendered":"<div class=\"fusion-fullwidth fullwidth-box fusion-builder-row-1 fusion-flex-container nonhundred-percent-fullwidth non-hundred-percent-height-scrolling\" style=\"--awb-border-radius-top-left:0px;--awb-border-radius-top-right:0px;--awb-border-radius-bottom-right:0px;--awb-border-radius-bottom-left:0px;--awb-flex-wrap:wrap;\" ><div class=\"fusion-builder-row fusion-row fusion-flex-align-items-flex-start fusion-flex-content-wrap\" style=\"max-width:1216.8px;margin-left: calc(-4% \/ 2 );margin-right: calc(-4% \/ 2 );\"><div class=\"fusion-layout-column fusion_builder_column fusion-builder-column-0 fusion_builder_column_1_1 1_1 fusion-flex-column\" style=\"--awb-bg-size:cover;--awb-width-large:100%;--awb-margin-top-large:0px;--awb-spacing-right-large:1.92%;--awb-margin-bottom-large:20px;--awb-spacing-left-large:1.92%;--awb-width-medium:100%;--awb-order-medium:0;--awb-spacing-right-medium:1.92%;--awb-spacing-left-medium:1.92%;--awb-width-small:100%;--awb-order-small:0;--awb-spacing-right-small:1.92%;--awb-spacing-left-small:1.92%;\"><div class=\"fusion-column-wrapper fusion-column-has-shadow fusion-flex-justify-content-flex-start fusion-content-layout-column\"><div class=\"fusion-text fusion-text-1\"><h3 style=\"text-align: center;\"><strong>\u00a1HOLA!<\/strong><\/h3>\n<p>Estamos de nuevo por aqu\u00ed, y esta vez es para compartir con vosotros una publicaci\u00f3n sobre el <strong>estr\u00e9s.\u00a0<\/strong><\/p>\n<p>Sabemos que gran parte de la poblaci\u00f3n presenta <strong>dolores musculares, dificultad para dormir, concentrarse, cambios en sus intereses, temor,<\/strong> entre otros s\u00edntomas, que est\u00e1n relacionados con el estr\u00e9s, que como no, se han agravado por la situaci\u00f3n de la pandemia.<\/p>\n<p>Aqu\u00ed os dejamos:<\/p>\n<ul>\n<li>La definici\u00f3n<\/li>\n<li>Los s\u00edntomas<\/li>\n<li>Las causas<\/li>\n<li>Y los tipos de estr\u00e9s mas frecuente.<\/li>\n<\/ul>\n<\/div><div class=\"fusion-image-carousel fusion-image-carousel-auto fusion-image-carousel-1 lightbox-enabled\"><div class=\"awb-carousel awb-swiper awb-swiper-carousel awb-carousel--carousel awb-swiper-dots-position-bottom\" data-layout=\"carousel\" data-autoplay=\"yes\" data-autoplayspeed=\"2500\" data-autoplaypause=\"no\" data-loop=\"yes\" data-columns=\"3\" data-columnsmedium=\"1\" data-columnssmall=\"1\" data-itemmargin=\"13\" data-itemwidth=\"180\" data-touchscroll=\"no\" data-freemode=\"no\" data-imagesize=\"auto\" data-scrollitems=\"0\" data-centeredslides=\"no\" data-rotationangle=\"50\" data-depth=\"100\" data-speed=\"500\" data-shadow=\"no\" data-pagination=\"bullets\" style=\"--awb-columns:3;\"><div class=\"swiper-wrapper awb-image-carousel-wrapper fusion-flex-align-items-center\"><div class=\"swiper-slide\"><div class=\"fusion-carousel-item-wrapper\"><div class=\"fusion-image-wrapper hover-type-none\"><a data-rel=\"iLightbox[image_carousel_1]\" data-title=\"Estres_1\" aria-label=\"Estres_1\" href=\"https:\/\/www.estudioenfermeria.com\/portal\/wp-content\/uploads\/2021\/05\/Estres_1.jpg\" target=\"_self\"><img decoding=\"async\" width=\"814\" height=\"456\" src=\"https:\/\/www.estudioenfermeria.com\/portal\/wp-content\/uploads\/2021\/05\/Estres_1.jpg\" class=\"attachment-full size-full\" alt=\"\" srcset=\"https:\/\/www.estudioenfermeria.com\/portal\/wp-content\/uploads\/2021\/05\/Estres_1-200x112.jpg 200w, https:\/\/www.estudioenfermeria.com\/portal\/wp-content\/uploads\/2021\/05\/Estres_1-400x224.jpg 400w, https:\/\/www.estudioenfermeria.com\/portal\/wp-content\/uploads\/2021\/05\/Estres_1-600x336.jpg 600w, https:\/\/www.estudioenfermeria.com\/portal\/wp-content\/uploads\/2021\/05\/Estres_1-800x448.jpg 800w, https:\/\/www.estudioenfermeria.com\/portal\/wp-content\/uploads\/2021\/05\/Estres_1.jpg 814w\" sizes=\"(min-width: 2200px) 100vw, (min-width: 824px) 381px, (min-width: 732px) 572px, (min-width: 640px) 732px, \" \/><\/a><\/div><\/div><\/div><div class=\"swiper-slide\"><div class=\"fusion-carousel-item-wrapper\"><div class=\"fusion-image-wrapper hover-type-none\"><a data-rel=\"iLightbox[image_carousel_1]\" data-title=\"Estres_2\" aria-label=\"Estres_2\" href=\"https:\/\/www.estudioenfermeria.com\/portal\/wp-content\/uploads\/2021\/05\/Estres_2.jpg\" target=\"_self\"><img decoding=\"async\" width=\"828\" height=\"451\" src=\"https:\/\/www.estudioenfermeria.com\/portal\/wp-content\/uploads\/2021\/05\/Estres_2.jpg\" class=\"attachment-full size-full\" alt=\"\" srcset=\"https:\/\/www.estudioenfermeria.com\/portal\/wp-content\/uploads\/2021\/05\/Estres_2-200x109.jpg 200w, https:\/\/www.estudioenfermeria.com\/portal\/wp-content\/uploads\/2021\/05\/Estres_2-400x218.jpg 400w, https:\/\/www.estudioenfermeria.com\/portal\/wp-content\/uploads\/2021\/05\/Estres_2-600x327.jpg 600w, https:\/\/www.estudioenfermeria.com\/portal\/wp-content\/uploads\/2021\/05\/Estres_2-800x436.jpg 800w, https:\/\/www.estudioenfermeria.com\/portal\/wp-content\/uploads\/2021\/05\/Estres_2.jpg 828w\" sizes=\"(min-width: 2200px) 100vw, (min-width: 824px) 381px, (min-width: 732px) 572px, (min-width: 640px) 732px, \" \/><\/a><\/div><\/div><\/div><div class=\"swiper-slide\"><div class=\"fusion-carousel-item-wrapper\"><div class=\"fusion-image-wrapper hover-type-none\"><a data-rel=\"iLightbox[image_carousel_1]\" data-title=\"Estres_3\" aria-label=\"Estres_3\" href=\"https:\/\/www.estudioenfermeria.com\/portal\/wp-content\/uploads\/2021\/05\/Estres_3.jpg\" target=\"_self\"><img decoding=\"async\" width=\"828\" height=\"455\" src=\"https:\/\/www.estudioenfermeria.com\/portal\/wp-content\/uploads\/2021\/05\/Estres_3.jpg\" class=\"attachment-full size-full\" alt=\"\" srcset=\"https:\/\/www.estudioenfermeria.com\/portal\/wp-content\/uploads\/2021\/05\/Estres_3-200x110.jpg 200w, https:\/\/www.estudioenfermeria.com\/portal\/wp-content\/uploads\/2021\/05\/Estres_3-400x220.jpg 400w, https:\/\/www.estudioenfermeria.com\/portal\/wp-content\/uploads\/2021\/05\/Estres_3-600x330.jpg 600w, https:\/\/www.estudioenfermeria.com\/portal\/wp-content\/uploads\/2021\/05\/Estres_3-800x440.jpg 800w, https:\/\/www.estudioenfermeria.com\/portal\/wp-content\/uploads\/2021\/05\/Estres_3.jpg 828w\" sizes=\"(min-width: 2200px) 100vw, (min-width: 824px) 381px, (min-width: 732px) 572px, (min-width: 640px) 732px, \" \/><\/a><\/div><\/div><\/div><div class=\"swiper-slide\"><div class=\"fusion-carousel-item-wrapper\"><div class=\"fusion-image-wrapper hover-type-none\"><a data-rel=\"iLightbox[image_carousel_1]\" data-title=\"Estres_4\" aria-label=\"Estres_4\" href=\"https:\/\/www.estudioenfermeria.com\/portal\/wp-content\/uploads\/2021\/05\/Estres_4.jpg\" target=\"_self\"><img decoding=\"async\" width=\"806\" height=\"448\" src=\"https:\/\/www.estudioenfermeria.com\/portal\/wp-content\/uploads\/2021\/05\/Estres_4.jpg\" class=\"attachment-full size-full\" alt=\"\" srcset=\"https:\/\/www.estudioenfermeria.com\/portal\/wp-content\/uploads\/2021\/05\/Estres_4-200x111.jpg 200w, https:\/\/www.estudioenfermeria.com\/portal\/wp-content\/uploads\/2021\/05\/Estres_4-400x222.jpg 400w, https:\/\/www.estudioenfermeria.com\/portal\/wp-content\/uploads\/2021\/05\/Estres_4-600x333.jpg 600w, https:\/\/www.estudioenfermeria.com\/portal\/wp-content\/uploads\/2021\/05\/Estres_4-800x445.jpg 800w, https:\/\/www.estudioenfermeria.com\/portal\/wp-content\/uploads\/2021\/05\/Estres_4.jpg 806w\" sizes=\"(min-width: 2200px) 100vw, (min-width: 824px) 381px, (min-width: 732px) 572px, (min-width: 640px) 732px, \" \/><\/a><\/div><\/div><\/div><\/div><div class=\"awb-swiper-button awb-swiper-button-prev\"><i class=\"awb-icon-angle-left\" aria-hidden=\"true\"><\/i><\/div><div class=\"awb-swiper-button awb-swiper-button-next\"><i class=\"awb-icon-angle-right\" aria-hidden=\"true\"><\/i><\/div><\/div><\/div><div class=\"fusion-text fusion-text-2\"><h3 style=\"text-align: center;\"><strong>\u00bfTe interesa? <\/strong><\/h3>\n<h3 style=\"text-align: center;\">\u00danete con nosotros en esta aventura.<\/h3>\n<h3 style=\"text-align: center;\">Hagamos visible que<strong> NO SIEMPRE ESTAMOS BIEN, <\/strong>y que necesitamos <strong>ayuda<\/strong>.<\/h3>\n<\/div><div class=\"fusion-text fusion-text-3\"><p>Fuentes consultadas:<\/p>\n<ol>\n<li><a href=\"https:\/\/espanol.cdc.gov\/coronavirus\/2019-ncov\/daily-life-coping\/managing-stress-anxiety.html\" target=\"_blank\" rel=\"noopener\">El COVID-19 y su salud. 2020<\/a><\/li>\n<li><a href=\"https:\/\/www.mayoclinic.org\/es-es\/diseases-conditions\/coronavirus\/in-depth\/mental-health-covid-19\/art-20482731\" target=\"_blank\" rel=\"noopener\">COVID-19: C\u00f3mo abordar tu salud mental durante la crisis<\/a><\/li>\n<li><a href=\"https:\/\/www.medigraphic.com\/pdfs\/actpedmex\/apm-2020\/apms201q.pdf\" target=\"_blank\" rel=\"noopener\">Estr\u00e9s, respuestas emocionales, factores de riesgo, psicopatolog\u00eda y manejo del personal de salud durante la pandemia por COVID-19<\/a><\/li>\n<\/ol>\n<\/div><div class=\"fusion-text fusion-text-4\"><p><em>Estas publicaciones est\u00e1n realizadas por el grupo 4 de la asignatura Educaci\u00f3n para la Salud de 3\u00ba curso del Grado Enfermer\u00eda de la Facultad de Medicina y Ciencias de la Salud de la Universidad de Extremadura. El grupo est\u00e1 formado por: Miguel Donaire Tirado, Virginia Gaviro L\u00f3pez, Luc\u00eda P\u00e9rez Silva, Alba Silva Vaz y Leonor Villar Jim\u00e9nez.<\/em><\/p>\n<\/div><\/div><\/div><\/div><\/div>\n","protected":false},"excerpt":{"rendered":"","protected":false},"author":21,"featured_media":7195,"comment_status":"open","ping_status":"open","sticky":false,"template":"","format":"standard","meta":{"footnotes":""},"categories":[165,205],"tags":[184,172],"class_list":["post-5961","post","type-post","status-publish","format-standard","has-post-thumbnail","hentry","category-covid-19","category-project_eps_20_21","tag-ansiedad","tag-salud_mental"],"yoast_head":"<!-- This site is optimized with the Yoast SEO plugin v27.4 - https:\/\/yoast.com\/product\/yoast-seo-wordpress\/ -->\n<title>Estr\u00e9s durante la COVID-19 - estudioenfermeria.com<\/title>\n<meta name=\"robots\" content=\"index, follow, max-snippet:-1, max-image-preview:large, max-video-preview:-1\" \/>\n<link rel=\"canonical\" href=\"https:\/\/www.estudioenfermeria.com\/portal\/estres-durante-la-covid-19\/\" \/>\n<meta property=\"og:locale\" content=\"es_ES\" \/>\n<meta property=\"og:type\" content=\"article\" \/>\n<meta property=\"og:title\" content=\"Estr\u00e9s durante la COVID-19 - estudioenfermeria.com\" \/>\n<meta property=\"og:url\" content=\"https:\/\/www.estudioenfermeria.com\/portal\/estres-durante-la-covid-19\/\" \/>\n<meta property=\"og:site_name\" content=\"estudioenfermeria.com\" \/>\n<meta property=\"article:publisher\" content=\"https:\/\/www.facebook.com\/estudioenfermeria\" \/>\n<meta property=\"article:published_time\" content=\"2021-05-03T17:42:05+00:00\" \/>\n<meta property=\"article:modified_time\" content=\"2021-05-13T17:01:14+00:00\" \/>\n<meta property=\"og:image\" content=\"https:\/\/www.estudioenfermeria.com\/portal\/wp-content\/uploads\/2021\/05\/Estres_1-1-e1620909563225.jpg\" \/>\n\t<meta property=\"og:image:width\" content=\"561\" \/>\n\t<meta property=\"og:image:height\" content=\"455\" \/>\n\t<meta property=\"og:image:type\" content=\"image\/jpeg\" \/>\n<meta name=\"author\" content=\"Luc\u00eda P\u00e9rez Silva\" \/>\n<meta name=\"twitter:card\" content=\"summary_large_image\" \/>\n<meta name=\"twitter:creator\" content=\"@eenfermeria\" \/>\n<meta name=\"twitter:site\" content=\"@eenfermeria\" \/>\n<meta name=\"twitter:label1\" content=\"Escrito por\" \/>\n\t<meta name=\"twitter:data1\" content=\"Luc\u00eda P\u00e9rez Silva\" \/>\n\t<meta name=\"twitter:label2\" content=\"Tiempo de lectura\" \/>\n\t<meta name=\"twitter:data2\" content=\"3 minutos\" \/>\n<script type=\"application\/ld+json\" class=\"yoast-schema-graph\">{\"@context\":\"https:\\\/\\\/schema.org\",\"@graph\":[{\"@type\":\"Article\",\"@id\":\"https:\\\/\\\/www.estudioenfermeria.com\\\/portal\\\/estres-durante-la-covid-19\\\/#article\",\"isPartOf\":{\"@id\":\"https:\\\/\\\/www.estudioenfermeria.com\\\/portal\\\/estres-durante-la-covid-19\\\/\"},\"author\":{\"name\":\"Luc\u00eda P\u00e9rez Silva\",\"@id\":\"https:\\\/\\\/www.estudioenfermeria.com\\\/portal\\\/#\\\/schema\\\/person\\\/3d80433a233692ab6f6040f0eba54d9a\"},\"headline\":\"Estr\u00e9s durante la COVID-19\",\"datePublished\":\"2021-05-03T17:42:05+00:00\",\"dateModified\":\"2021-05-13T17:01:14+00:00\",\"mainEntityOfPage\":{\"@id\":\"https:\\\/\\\/www.estudioenfermeria.com\\\/portal\\\/estres-durante-la-covid-19\\\/\"},\"wordCount\":1142,\"commentCount\":0,\"publisher\":{\"@id\":\"https:\\\/\\\/www.estudioenfermeria.com\\\/portal\\\/#organization\"},\"image\":{\"@id\":\"https:\\\/\\\/www.estudioenfermeria.com\\\/portal\\\/estres-durante-la-covid-19\\\/#primaryimage\"},\"thumbnailUrl\":\"https:\\\/\\\/www.estudioenfermeria.com\\\/portal\\\/wp-content\\\/uploads\\\/2021\\\/05\\\/Estres_1-1-e1620909563225.jpg\",\"keywords\":[\"Ansiedad\",\"salud mental\"],\"articleSection\":[\"Coronavirus\",\"Proyectos EPS - 2020-2021\"],\"inLanguage\":\"es\",\"potentialAction\":[{\"@type\":\"CommentAction\",\"name\":\"Comment\",\"target\":[\"https:\\\/\\\/www.estudioenfermeria.com\\\/portal\\\/estres-durante-la-covid-19\\\/#respond\"]}]},{\"@type\":\"WebPage\",\"@id\":\"https:\\\/\\\/www.estudioenfermeria.com\\\/portal\\\/estres-durante-la-covid-19\\\/\",\"url\":\"https:\\\/\\\/www.estudioenfermeria.com\\\/portal\\\/estres-durante-la-covid-19\\\/\",\"name\":\"Estr\u00e9s durante la COVID-19 - estudioenfermeria.com\",\"isPartOf\":{\"@id\":\"https:\\\/\\\/www.estudioenfermeria.com\\\/portal\\\/#website\"},\"primaryImageOfPage\":{\"@id\":\"https:\\\/\\\/www.estudioenfermeria.com\\\/portal\\\/estres-durante-la-covid-19\\\/#primaryimage\"},\"image\":{\"@id\":\"https:\\\/\\\/www.estudioenfermeria.com\\\/portal\\\/estres-durante-la-covid-19\\\/#primaryimage\"},\"thumbnailUrl\":\"https:\\\/\\\/www.estudioenfermeria.com\\\/portal\\\/wp-content\\\/uploads\\\/2021\\\/05\\\/Estres_1-1-e1620909563225.jpg\",\"datePublished\":\"2021-05-03T17:42:05+00:00\",\"dateModified\":\"2021-05-13T17:01:14+00:00\",\"breadcrumb\":{\"@id\":\"https:\\\/\\\/www.estudioenfermeria.com\\\/portal\\\/estres-durante-la-covid-19\\\/#breadcrumb\"},\"inLanguage\":\"es\",\"potentialAction\":[{\"@type\":\"ReadAction\",\"target\":[\"https:\\\/\\\/www.estudioenfermeria.com\\\/portal\\\/estres-durante-la-covid-19\\\/\"]}]},{\"@type\":\"ImageObject\",\"inLanguage\":\"es\",\"@id\":\"https:\\\/\\\/www.estudioenfermeria.com\\\/portal\\\/estres-durante-la-covid-19\\\/#primaryimage\",\"url\":\"https:\\\/\\\/www.estudioenfermeria.com\\\/portal\\\/wp-content\\\/uploads\\\/2021\\\/05\\\/Estres_1-1-e1620909563225.jpg\",\"contentUrl\":\"https:\\\/\\\/www.estudioenfermeria.com\\\/portal\\\/wp-content\\\/uploads\\\/2021\\\/05\\\/Estres_1-1-e1620909563225.jpg\",\"width\":561,\"height\":455},{\"@type\":\"BreadcrumbList\",\"@id\":\"https:\\\/\\\/www.estudioenfermeria.com\\\/portal\\\/estres-durante-la-covid-19\\\/#breadcrumb\",\"itemListElement\":[{\"@type\":\"ListItem\",\"position\":1,\"name\":\"Portada\",\"item\":\"https:\\\/\\\/www.estudioenfermeria.com\\\/portal\\\/\"},{\"@type\":\"ListItem\",\"position\":2,\"name\":\"Estr\u00e9s durante la COVID-19\"}]},{\"@type\":\"WebSite\",\"@id\":\"https:\\\/\\\/www.estudioenfermeria.com\\\/portal\\\/#website\",\"url\":\"https:\\\/\\\/www.estudioenfermeria.com\\\/portal\\\/\",\"name\":\"estudioenfermeria.com\",\"description\":\"Web para la educaci\u00f3n, investigaci\u00f3n, desarrollo e innovaci\u00f3n de la enfermer\u00eda\",\"publisher\":{\"@id\":\"https:\\\/\\\/www.estudioenfermeria.com\\\/portal\\\/#organization\"},\"alternateName\":\"estudioenfermeria\",\"potentialAction\":[{\"@type\":\"SearchAction\",\"target\":{\"@type\":\"EntryPoint\",\"urlTemplate\":\"https:\\\/\\\/www.estudioenfermeria.com\\\/portal\\\/?s={search_term_string}\"},\"query-input\":{\"@type\":\"PropertyValueSpecification\",\"valueRequired\":true,\"valueName\":\"search_term_string\"}}],\"inLanguage\":\"es\"},{\"@type\":\"Organization\",\"@id\":\"https:\\\/\\\/www.estudioenfermeria.com\\\/portal\\\/#organization\",\"name\":\"ESTUDIOENFERMERIA.COM\",\"alternateName\":\"ESTUDIOENFERMERIA\",\"url\":\"https:\\\/\\\/www.estudioenfermeria.com\\\/portal\\\/\",\"logo\":{\"@type\":\"ImageObject\",\"inLanguage\":\"es\",\"@id\":\"https:\\\/\\\/www.estudioenfermeria.com\\\/portal\\\/#\\\/schema\\\/logo\\\/image\\\/\",\"url\":\"https:\\\/\\\/www.estudioenfermeria.com\\\/portal\\\/wp-content\\\/uploads\\\/2020\\\/04\\\/logo_cabecera_fija_retina.png\",\"contentUrl\":\"https:\\\/\\\/www.estudioenfermeria.com\\\/portal\\\/wp-content\\\/uploads\\\/2020\\\/04\\\/logo_cabecera_fija_retina.png\",\"width\":363,\"height\":50,\"caption\":\"ESTUDIOENFERMERIA.COM\"},\"image\":{\"@id\":\"https:\\\/\\\/www.estudioenfermeria.com\\\/portal\\\/#\\\/schema\\\/logo\\\/image\\\/\"},\"sameAs\":[\"https:\\\/\\\/www.facebook.com\\\/estudioenfermeria\",\"https:\\\/\\\/x.com\\\/eenfermeria\",\"https:\\\/\\\/www.pinterest.es\\\/eenfermeria\\\/\",\"https:\\\/\\\/www.youtube.com\\\/estudioenfermeria\",\"https:\\\/\\\/www.tiktok.com\\\/@estudioenfermeria\",\"https:\\\/\\\/www.instagram.com\\\/estudio_enfermeria\\\/\"]},{\"@type\":\"Person\",\"@id\":\"https:\\\/\\\/www.estudioenfermeria.com\\\/portal\\\/#\\\/schema\\\/person\\\/3d80433a233692ab6f6040f0eba54d9a\",\"name\":\"Luc\u00eda P\u00e9rez Silva\",\"image\":{\"@type\":\"ImageObject\",\"inLanguage\":\"es\",\"@id\":\"https:\\\/\\\/secure.gravatar.com\\\/avatar\\\/a53c8208fcabb1ef6321910217b585f545023115a8f8b48233eae9644decde35?s=96&d=mm&r=g\",\"url\":\"https:\\\/\\\/secure.gravatar.com\\\/avatar\\\/a53c8208fcabb1ef6321910217b585f545023115a8f8b48233eae9644decde35?s=96&d=mm&r=g\",\"contentUrl\":\"https:\\\/\\\/secure.gravatar.com\\\/avatar\\\/a53c8208fcabb1ef6321910217b585f545023115a8f8b48233eae9644decde35?s=96&d=mm&r=g\",\"caption\":\"Luc\u00eda P\u00e9rez Silva\"}}]}<\/script>\n<!-- \/ Yoast SEO plugin. -->","yoast_head_json":{"title":"Estr\u00e9s durante la COVID-19 - estudioenfermeria.com","robots":{"index":"index","follow":"follow","max-snippet":"max-snippet:-1","max-image-preview":"max-image-preview:large","max-video-preview":"max-video-preview:-1"},"canonical":"https:\/\/www.estudioenfermeria.com\/portal\/estres-durante-la-covid-19\/","og_locale":"es_ES","og_type":"article","og_title":"Estr\u00e9s durante la COVID-19 - estudioenfermeria.com","og_url":"https:\/\/www.estudioenfermeria.com\/portal\/estres-durante-la-covid-19\/","og_site_name":"estudioenfermeria.com","article_publisher":"https:\/\/www.facebook.com\/estudioenfermeria","article_published_time":"2021-05-03T17:42:05+00:00","article_modified_time":"2021-05-13T17:01:14+00:00","og_image":[{"width":561,"height":455,"url":"https:\/\/www.estudioenfermeria.com\/portal\/wp-content\/uploads\/2021\/05\/Estres_1-1-e1620909563225.jpg","type":"image\/jpeg"}],"author":"Luc\u00eda P\u00e9rez Silva","twitter_card":"summary_large_image","twitter_creator":"@eenfermeria","twitter_site":"@eenfermeria","twitter_misc":{"Escrito por":"Luc\u00eda P\u00e9rez Silva","Tiempo de lectura":"3 minutos"},"schema":{"@context":"https:\/\/schema.org","@graph":[{"@type":"Article","@id":"https:\/\/www.estudioenfermeria.com\/portal\/estres-durante-la-covid-19\/#article","isPartOf":{"@id":"https:\/\/www.estudioenfermeria.com\/portal\/estres-durante-la-covid-19\/"},"author":{"name":"Luc\u00eda P\u00e9rez Silva","@id":"https:\/\/www.estudioenfermeria.com\/portal\/#\/schema\/person\/3d80433a233692ab6f6040f0eba54d9a"},"headline":"Estr\u00e9s durante la COVID-19","datePublished":"2021-05-03T17:42:05+00:00","dateModified":"2021-05-13T17:01:14+00:00","mainEntityOfPage":{"@id":"https:\/\/www.estudioenfermeria.com\/portal\/estres-durante-la-covid-19\/"},"wordCount":1142,"commentCount":0,"publisher":{"@id":"https:\/\/www.estudioenfermeria.com\/portal\/#organization"},"image":{"@id":"https:\/\/www.estudioenfermeria.com\/portal\/estres-durante-la-covid-19\/#primaryimage"},"thumbnailUrl":"https:\/\/www.estudioenfermeria.com\/portal\/wp-content\/uploads\/2021\/05\/Estres_1-1-e1620909563225.jpg","keywords":["Ansiedad","salud mental"],"articleSection":["Coronavirus","Proyectos EPS - 2020-2021"],"inLanguage":"es","potentialAction":[{"@type":"CommentAction","name":"Comment","target":["https:\/\/www.estudioenfermeria.com\/portal\/estres-durante-la-covid-19\/#respond"]}]},{"@type":"WebPage","@id":"https:\/\/www.estudioenfermeria.com\/portal\/estres-durante-la-covid-19\/","url":"https:\/\/www.estudioenfermeria.com\/portal\/estres-durante-la-covid-19\/","name":"Estr\u00e9s durante la COVID-19 - estudioenfermeria.com","isPartOf":{"@id":"https:\/\/www.estudioenfermeria.com\/portal\/#website"},"primaryImageOfPage":{"@id":"https:\/\/www.estudioenfermeria.com\/portal\/estres-durante-la-covid-19\/#primaryimage"},"image":{"@id":"https:\/\/www.estudioenfermeria.com\/portal\/estres-durante-la-covid-19\/#primaryimage"},"thumbnailUrl":"https:\/\/www.estudioenfermeria.com\/portal\/wp-content\/uploads\/2021\/05\/Estres_1-1-e1620909563225.jpg","datePublished":"2021-05-03T17:42:05+00:00","dateModified":"2021-05-13T17:01:14+00:00","breadcrumb":{"@id":"https:\/\/www.estudioenfermeria.com\/portal\/estres-durante-la-covid-19\/#breadcrumb"},"inLanguage":"es","potentialAction":[{"@type":"ReadAction","target":["https:\/\/www.estudioenfermeria.com\/portal\/estres-durante-la-covid-19\/"]}]},{"@type":"ImageObject","inLanguage":"es","@id":"https:\/\/www.estudioenfermeria.com\/portal\/estres-durante-la-covid-19\/#primaryimage","url":"https:\/\/www.estudioenfermeria.com\/portal\/wp-content\/uploads\/2021\/05\/Estres_1-1-e1620909563225.jpg","contentUrl":"https:\/\/www.estudioenfermeria.com\/portal\/wp-content\/uploads\/2021\/05\/Estres_1-1-e1620909563225.jpg","width":561,"height":455},{"@type":"BreadcrumbList","@id":"https:\/\/www.estudioenfermeria.com\/portal\/estres-durante-la-covid-19\/#breadcrumb","itemListElement":[{"@type":"ListItem","position":1,"name":"Portada","item":"https:\/\/www.estudioenfermeria.com\/portal\/"},{"@type":"ListItem","position":2,"name":"Estr\u00e9s durante la COVID-19"}]},{"@type":"WebSite","@id":"https:\/\/www.estudioenfermeria.com\/portal\/#website","url":"https:\/\/www.estudioenfermeria.com\/portal\/","name":"estudioenfermeria.com","description":"Web para la educaci\u00f3n, investigaci\u00f3n, desarrollo e innovaci\u00f3n de la enfermer\u00eda","publisher":{"@id":"https:\/\/www.estudioenfermeria.com\/portal\/#organization"},"alternateName":"estudioenfermeria","potentialAction":[{"@type":"SearchAction","target":{"@type":"EntryPoint","urlTemplate":"https:\/\/www.estudioenfermeria.com\/portal\/?s={search_term_string}"},"query-input":{"@type":"PropertyValueSpecification","valueRequired":true,"valueName":"search_term_string"}}],"inLanguage":"es"},{"@type":"Organization","@id":"https:\/\/www.estudioenfermeria.com\/portal\/#organization","name":"ESTUDIOENFERMERIA.COM","alternateName":"ESTUDIOENFERMERIA","url":"https:\/\/www.estudioenfermeria.com\/portal\/","logo":{"@type":"ImageObject","inLanguage":"es","@id":"https:\/\/www.estudioenfermeria.com\/portal\/#\/schema\/logo\/image\/","url":"https:\/\/www.estudioenfermeria.com\/portal\/wp-content\/uploads\/2020\/04\/logo_cabecera_fija_retina.png","contentUrl":"https:\/\/www.estudioenfermeria.com\/portal\/wp-content\/uploads\/2020\/04\/logo_cabecera_fija_retina.png","width":363,"height":50,"caption":"ESTUDIOENFERMERIA.COM"},"image":{"@id":"https:\/\/www.estudioenfermeria.com\/portal\/#\/schema\/logo\/image\/"},"sameAs":["https:\/\/www.facebook.com\/estudioenfermeria","https:\/\/x.com\/eenfermeria","https:\/\/www.pinterest.es\/eenfermeria\/","https:\/\/www.youtube.com\/estudioenfermeria","https:\/\/www.tiktok.com\/@estudioenfermeria","https:\/\/www.instagram.com\/estudio_enfermeria\/"]},{"@type":"Person","@id":"https:\/\/www.estudioenfermeria.com\/portal\/#\/schema\/person\/3d80433a233692ab6f6040f0eba54d9a","name":"Luc\u00eda P\u00e9rez Silva","image":{"@type":"ImageObject","inLanguage":"es","@id":"https:\/\/secure.gravatar.com\/avatar\/a53c8208fcabb1ef6321910217b585f545023115a8f8b48233eae9644decde35?s=96&d=mm&r=g","url":"https:\/\/secure.gravatar.com\/avatar\/a53c8208fcabb1ef6321910217b585f545023115a8f8b48233eae9644decde35?s=96&d=mm&r=g","contentUrl":"https:\/\/secure.gravatar.com\/avatar\/a53c8208fcabb1ef6321910217b585f545023115a8f8b48233eae9644decde35?s=96&d=mm&r=g","caption":"Luc\u00eda P\u00e9rez Silva"}}]}},"_links":{"self":[{"href":"https:\/\/www.estudioenfermeria.com\/portal\/wp-json\/wp\/v2\/posts\/5961","targetHints":{"allow":["GET"]}}],"collection":[{"href":"https:\/\/www.estudioenfermeria.com\/portal\/wp-json\/wp\/v2\/posts"}],"about":[{"href":"https:\/\/www.estudioenfermeria.com\/portal\/wp-json\/wp\/v2\/types\/post"}],"author":[{"embeddable":true,"href":"https:\/\/www.estudioenfermeria.com\/portal\/wp-json\/wp\/v2\/users\/21"}],"replies":[{"embeddable":true,"href":"https:\/\/www.estudioenfermeria.com\/portal\/wp-json\/wp\/v2\/comments?post=5961"}],"version-history":[{"count":28,"href":"https:\/\/www.estudioenfermeria.com\/portal\/wp-json\/wp\/v2\/posts\/5961\/revisions"}],"predecessor-version":[{"id":7208,"href":"https:\/\/www.estudioenfermeria.com\/portal\/wp-json\/wp\/v2\/posts\/5961\/revisions\/7208"}],"wp:featuredmedia":[{"embeddable":true,"href":"https:\/\/www.estudioenfermeria.com\/portal\/wp-json\/wp\/v2\/media\/7195"}],"wp:attachment":[{"href":"https:\/\/www.estudioenfermeria.com\/portal\/wp-json\/wp\/v2\/media?parent=5961"}],"wp:term":[{"taxonomy":"category","embeddable":true,"href":"https:\/\/www.estudioenfermeria.com\/portal\/wp-json\/wp\/v2\/categories?post=5961"},{"taxonomy":"post_tag","embeddable":true,"href":"https:\/\/www.estudioenfermeria.com\/portal\/wp-json\/wp\/v2\/tags?post=5961"}],"curies":[{"name":"wp","href":"https:\/\/api.w.org\/{rel}","templated":true}]}}