{"id":3598,"date":"2020-04-17T10:00:21","date_gmt":"2020-04-17T08:00:21","guid":{"rendered":"https:\/\/www.estudioenfermeria.com\/portal\/?p=3598"},"modified":"2020-04-16T18:05:45","modified_gmt":"2020-04-16T16:05:45","slug":"resolucion-del-rector-de-la-uex-de-16-de-abril-de-2020","status":"publish","type":"post","link":"https:\/\/www.estudioenfermeria.com\/portal\/resolucion-del-rector-de-la-uex-de-16-de-abril-de-2020\/","title":{"rendered":"Resoluci\u00f3n del Rector de la UEx, de 16 de abril de 2020"},"content":{"rendered":"<h5 id=\"parent-fieldname-title\" class=\"documentFirstHeading\"><strong>Resoluci\u00f3n del Rector de la UEx, de 16 de abril de 2020, por la que, como consecuencia de la situaci\u00f3n producida por el coronavirus, se modifica el calendario de ex\u00e1menes y de defensa de Trabajos Fin de Grado y M\u00e1ster del Curso 2019-2020<\/strong><\/h5>\n<p>La aparici\u00f3n del RD 463\/2020 (14 de marzo), que decretaba el estado de alarma sanitaria, suscit\u00f3 la publicaci\u00f3n de la Resoluci\u00f3n Rectoral 246\/2020 por la que se suspend\u00eda toda actividad presencial, no solo la docente, en la Universidad de Extremadura, exceptuando los servicios esenciales que en ella se dictaban.<\/p>\n<p>La suspensi\u00f3n de la actividad docente dictada, seg\u00fan el Real Decreto 246\/2020, ser\u00eda mantenida durante el per\u00edodo en el que se mantuvieran tanto el estado de alarma como sus pr\u00f3rrogas. As\u00ed, el RD 476\/2020 y, posteriormente, el RD 487\/2020 han prorrogado la declaraci\u00f3n del estado de alarma hasta el d\u00eda 26 de abril de 2020 y el propio Presidente del Gobierno anunci\u00f3 que \u00e9sta seguramente no ser\u00eda la \u00faltima pr\u00f3rroga.<\/p>\n<p>Las fechas para el periodo de ex\u00e1menes del segundo cuatrimestre en el curso actual est\u00e1n previstas para la convocatoria de junio desde el 20 de mayo al 6 de junio y el periodo correspondiente a la convocatoria de julio abarca desde el 22 de junio al 10 de julio. Por otro lado, los periodos de defensa de los Trabajos Fin de Grado y M\u00e1ster son: del 6 al 22 de junio en la convocatoria de junio y del 11 al 20 de julio en la de julio.<\/p>\n<p>En el d\u00eda de ayer se celebr\u00f3 una sesi\u00f3n de la Conferencia General de Pol\u00edtica Universitaria en la que se aprobaron de manera definitiva las \u201cRecomendaciones sobre criterios generales para la adaptaci\u00f3n del sistema universitario espa\u00f1ol ante la pandemia del Covid-19, durante el curso 2019-2020\u201d, por las que se deja en manos de las Universidades la potestad de modificar las condiciones de evaluaci\u00f3n, tanto de las asignaturas como de la defensa de los Trabajos Fin de Estudios.<\/p>\n<p>El objetivo de esta Resoluci\u00f3n es obtener un margen de tiempo adicional antes del comienzo de la convocatoria de junio y, a la vez, finalizar todos los procesos de evaluaci\u00f3n antes del mes de agosto, lo que permitir\u00e1 comenzar el curso 2020-2021 con total normalidad y no trasladar los problemas derivados de esta pandemia a cursos futuros. El aplazamiento busca de forma especial aumentar la probabilidad de poder efectuar ambas convocatorias de ex\u00e1menes en formato presencial, aunque no se puede, en el momento actual, predecir cu\u00e1l ser\u00e1 la modalidad de las pruebas que se podr\u00e1n realizar en el momento indicado, cuya autorizaci\u00f3n depender\u00e1 exclusivamente de las autoridades sanitarias. Se est\u00e1n tomando medidas para estar preparados en ambos escenarios y todos debemos ser conscientes de esta incertidumbre a la hora de realizar el resto de preparativos que se est\u00e1n desarrollando en estos momentos, en especial, los cambios en el modelo de evaluaci\u00f3n de las asignaturas.<\/p>\n<p>En consecuencia y para que la comunidad universitaria sea conocedora del nuevo marco temporal respecto de la evaluaci\u00f3n, reunido el Consejo de Direcci\u00f3n, consultados los Decanos y Directores de Centros, con el acuerdo de las autoridades regionales con competencias universitarias y sanitarias, y usando las prerrogativas que establecen la Ley Org\u00e1nica de Universidades y los Estatutos de la Universidad de Extremadura, este Rectorado<\/p>\n<p><b>ACUERDA<\/b><\/p>\n<p><b>Primero.-<\/b>Establecer que el periodo de ex\u00e1menes de junio se inicie el 3 y finalice el 20 de junio, ambos inclusive. Para el periodo de ex\u00e1menes de julio el nuevo periodo abarcar\u00e1 desde el 6 hasta el 23 de julio, ambos inclusive.<\/p>\n<p><b>Segundo<\/b>.-Establecer que el periodo de defensa de Trabajos Fin de Estudios (Grado y M\u00e1ster) de junio se inicie el 10 de junio y finalice el 6 de julio, ambos inclusive. Para el periodo de julio para defensa de Trabajos Fin de Estudios, el nuevo periodo abarcar\u00e1 desde el 7 hasta el 25 de julio, ambos inclusive.<\/p>\n<p><b>Tercero<\/b>.-Esta Resoluci\u00f3n tendr\u00e1 validez hasta su ratificaci\u00f3n por el Consejo de Gobierno de la Universidad de Extremadura<\/p>\n<p><a class=\"internal-link\" href=\"https:\/\/www.unex.es\/organizacion\/servicios-universitarios\/servicios\/comunicacion\/archivo\/2020\/abril-de-2020\/16-de-abril-de-2020\/resolucion-rectoral-por-la-que-se-modifica-el-calendario-de-examenes-de-las-convocatorias-de-junio-y-julio\/RR2652020.pdf\"><b>Resoluci\u00f3n Rectoral<\/b><\/a><\/p>\n","protected":false},"excerpt":{"rendered":"<p>Resoluci\u00f3n del Rector de la UEx, de 16 de abril de 2020, por la que, como consecuencia de la situaci\u00f3n producida por el coronavirus, se modifica el calendario de ex\u00e1menes y de defensa de Trabajos Fin de Grado y M\u00e1ster del Curso 2019-2020 La aparici\u00f3n del RD 463\/2020 (14 de marzo), que decretaba el estado <a href=\"https:\/\/www.estudioenfermeria.com\/portal\/resolucion-del-rector-de-la-uex-de-16-de-abril-de-2020\/\"> [&#8230;]<\/a><\/p>\n","protected":false},"author":1,"featured_media":3603,"comment_status":"open","ping_status":"open","sticky":false,"template":"","format":"standard","meta":{"footnotes":""},"categories":[161],"tags":[170],"class_list":["post-3598","post","type-post","status-publish","format-standard","has-post-thumbnail","hentry","category-noticias-alumnos","tag-uex"],"yoast_head":"<!-- This site is optimized with the Yoast SEO plugin v27.4 - https:\/\/yoast.com\/product\/yoast-seo-wordpress\/ -->\n<title>Resoluci\u00f3n del Rector de la UEx, de 16 de abril de 2020 - estudioenfermeria.com<\/title>\n<meta name=\"robots\" content=\"index, follow, max-snippet:-1, max-image-preview:large, max-video-preview:-1\" \/>\n<link rel=\"canonical\" href=\"https:\/\/www.estudioenfermeria.com\/portal\/resolucion-del-rector-de-la-uex-de-16-de-abril-de-2020\/\" \/>\n<meta property=\"og:locale\" content=\"es_ES\" \/>\n<meta property=\"og:type\" content=\"article\" \/>\n<meta property=\"og:title\" content=\"Resoluci\u00f3n del Rector de la UEx, de 16 de abril de 2020 - estudioenfermeria.com\" \/>\n<meta property=\"og:description\" content=\"Resoluci\u00f3n del Rector de la UEx, de 16 de abril de 2020, por la que, como consecuencia de la situaci\u00f3n producida por el coronavirus, se modifica el calendario de ex\u00e1menes y de defensa de Trabajos Fin de Grado y M\u00e1ster del Curso 2019-2020 La aparici\u00f3n del RD 463\/2020 (14 de marzo), que decretaba el estado [...]\" \/>\n<meta property=\"og:url\" content=\"https:\/\/www.estudioenfermeria.com\/portal\/resolucion-del-rector-de-la-uex-de-16-de-abril-de-2020\/\" \/>\n<meta property=\"og:site_name\" content=\"estudioenfermeria.com\" \/>\n<meta property=\"article:publisher\" content=\"https:\/\/www.facebook.com\/estudioenfermeria\" \/>\n<meta property=\"article:published_time\" content=\"2020-04-17T08:00:21+00:00\" \/>\n<meta property=\"og:image\" content=\"https:\/\/www.estudioenfermeria.com\/portal\/wp-content\/uploads\/2020\/04\/Resoluci\u00f3n-Rectoral-16-04-2020.jpg\" \/>\n\t<meta property=\"og:image:width\" content=\"1088\" \/>\n\t<meta property=\"og:image:height\" content=\"842\" \/>\n\t<meta property=\"og:image:type\" content=\"image\/jpeg\" \/>\n<meta name=\"author\" content=\"estudioenfermeria.com\" \/>\n<meta name=\"twitter:card\" content=\"summary_large_image\" \/>\n<meta name=\"twitter:creator\" content=\"@eenfermeria\" \/>\n<meta name=\"twitter:site\" content=\"@eenfermeria\" \/>\n<meta name=\"twitter:label1\" content=\"Escrito por\" \/>\n\t<meta name=\"twitter:data1\" content=\"estudioenfermeria.com\" \/>\n\t<meta name=\"twitter:label2\" content=\"Tiempo de lectura\" \/>\n\t<meta name=\"twitter:data2\" content=\"3 minutos\" \/>\n<script type=\"application\/ld+json\" class=\"yoast-schema-graph\">{\"@context\":\"https:\\\/\\\/schema.org\",\"@graph\":[{\"@type\":\"Article\",\"@id\":\"https:\\\/\\\/www.estudioenfermeria.com\\\/portal\\\/resolucion-del-rector-de-la-uex-de-16-de-abril-de-2020\\\/#article\",\"isPartOf\":{\"@id\":\"https:\\\/\\\/www.estudioenfermeria.com\\\/portal\\\/resolucion-del-rector-de-la-uex-de-16-de-abril-de-2020\\\/\"},\"author\":{\"name\":\"estudioenfermeria.com\",\"@id\":\"https:\\\/\\\/www.estudioenfermeria.com\\\/portal\\\/#\\\/schema\\\/person\\\/ce75c912f9a6fa034283e7d4c0fb3474\"},\"headline\":\"Resoluci\u00f3n del Rector de la UEx, de 16 de abril de 2020\",\"datePublished\":\"2020-04-17T08:00:21+00:00\",\"mainEntityOfPage\":{\"@id\":\"https:\\\/\\\/www.estudioenfermeria.com\\\/portal\\\/resolucion-del-rector-de-la-uex-de-16-de-abril-de-2020\\\/\"},\"wordCount\":692,\"commentCount\":0,\"publisher\":{\"@id\":\"https:\\\/\\\/www.estudioenfermeria.com\\\/portal\\\/#organization\"},\"image\":{\"@id\":\"https:\\\/\\\/www.estudioenfermeria.com\\\/portal\\\/resolucion-del-rector-de-la-uex-de-16-de-abril-de-2020\\\/#primaryimage\"},\"thumbnailUrl\":\"https:\\\/\\\/www.estudioenfermeria.com\\\/portal\\\/wp-content\\\/uploads\\\/2020\\\/04\\\/Resoluci\u00f3n-Rectoral-16-04-2020.jpg\",\"keywords\":[\"UEx\"],\"articleSection\":[\"Noticias alumnos\"],\"inLanguage\":\"es\",\"potentialAction\":[{\"@type\":\"CommentAction\",\"name\":\"Comment\",\"target\":[\"https:\\\/\\\/www.estudioenfermeria.com\\\/portal\\\/resolucion-del-rector-de-la-uex-de-16-de-abril-de-2020\\\/#respond\"]}]},{\"@type\":\"WebPage\",\"@id\":\"https:\\\/\\\/www.estudioenfermeria.com\\\/portal\\\/resolucion-del-rector-de-la-uex-de-16-de-abril-de-2020\\\/\",\"url\":\"https:\\\/\\\/www.estudioenfermeria.com\\\/portal\\\/resolucion-del-rector-de-la-uex-de-16-de-abril-de-2020\\\/\",\"name\":\"Resoluci\u00f3n del Rector de la UEx, de 16 de abril de 2020 - estudioenfermeria.com\",\"isPartOf\":{\"@id\":\"https:\\\/\\\/www.estudioenfermeria.com\\\/portal\\\/#website\"},\"primaryImageOfPage\":{\"@id\":\"https:\\\/\\\/www.estudioenfermeria.com\\\/portal\\\/resolucion-del-rector-de-la-uex-de-16-de-abril-de-2020\\\/#primaryimage\"},\"image\":{\"@id\":\"https:\\\/\\\/www.estudioenfermeria.com\\\/portal\\\/resolucion-del-rector-de-la-uex-de-16-de-abril-de-2020\\\/#primaryimage\"},\"thumbnailUrl\":\"https:\\\/\\\/www.estudioenfermeria.com\\\/portal\\\/wp-content\\\/uploads\\\/2020\\\/04\\\/Resoluci\u00f3n-Rectoral-16-04-2020.jpg\",\"datePublished\":\"2020-04-17T08:00:21+00:00\",\"breadcrumb\":{\"@id\":\"https:\\\/\\\/www.estudioenfermeria.com\\\/portal\\\/resolucion-del-rector-de-la-uex-de-16-de-abril-de-2020\\\/#breadcrumb\"},\"inLanguage\":\"es\",\"potentialAction\":[{\"@type\":\"ReadAction\",\"target\":[\"https:\\\/\\\/www.estudioenfermeria.com\\\/portal\\\/resolucion-del-rector-de-la-uex-de-16-de-abril-de-2020\\\/\"]}]},{\"@type\":\"ImageObject\",\"inLanguage\":\"es\",\"@id\":\"https:\\\/\\\/www.estudioenfermeria.com\\\/portal\\\/resolucion-del-rector-de-la-uex-de-16-de-abril-de-2020\\\/#primaryimage\",\"url\":\"https:\\\/\\\/www.estudioenfermeria.com\\\/portal\\\/wp-content\\\/uploads\\\/2020\\\/04\\\/Resoluci\u00f3n-Rectoral-16-04-2020.jpg\",\"contentUrl\":\"https:\\\/\\\/www.estudioenfermeria.com\\\/portal\\\/wp-content\\\/uploads\\\/2020\\\/04\\\/Resoluci\u00f3n-Rectoral-16-04-2020.jpg\",\"width\":1088,\"height\":842},{\"@type\":\"BreadcrumbList\",\"@id\":\"https:\\\/\\\/www.estudioenfermeria.com\\\/portal\\\/resolucion-del-rector-de-la-uex-de-16-de-abril-de-2020\\\/#breadcrumb\",\"itemListElement\":[{\"@type\":\"ListItem\",\"position\":1,\"name\":\"Portada\",\"item\":\"https:\\\/\\\/www.estudioenfermeria.com\\\/portal\\\/\"},{\"@type\":\"ListItem\",\"position\":2,\"name\":\"Resoluci\u00f3n del Rector de la UEx, de 16 de abril de 2020\"}]},{\"@type\":\"WebSite\",\"@id\":\"https:\\\/\\\/www.estudioenfermeria.com\\\/portal\\\/#website\",\"url\":\"https:\\\/\\\/www.estudioenfermeria.com\\\/portal\\\/\",\"name\":\"estudioenfermeria.com\",\"description\":\"Web para la educaci\u00f3n, investigaci\u00f3n, desarrollo e innovaci\u00f3n de la enfermer\u00eda\",\"publisher\":{\"@id\":\"https:\\\/\\\/www.estudioenfermeria.com\\\/portal\\\/#organization\"},\"alternateName\":\"estudioenfermeria\",\"potentialAction\":[{\"@type\":\"SearchAction\",\"target\":{\"@type\":\"EntryPoint\",\"urlTemplate\":\"https:\\\/\\\/www.estudioenfermeria.com\\\/portal\\\/?s={search_term_string}\"},\"query-input\":{\"@type\":\"PropertyValueSpecification\",\"valueRequired\":true,\"valueName\":\"search_term_string\"}}],\"inLanguage\":\"es\"},{\"@type\":\"Organization\",\"@id\":\"https:\\\/\\\/www.estudioenfermeria.com\\\/portal\\\/#organization\",\"name\":\"ESTUDIOENFERMERIA.COM\",\"alternateName\":\"ESTUDIOENFERMERIA\",\"url\":\"https:\\\/\\\/www.estudioenfermeria.com\\\/portal\\\/\",\"logo\":{\"@type\":\"ImageObject\",\"inLanguage\":\"es\",\"@id\":\"https:\\\/\\\/www.estudioenfermeria.com\\\/portal\\\/#\\\/schema\\\/logo\\\/image\\\/\",\"url\":\"https:\\\/\\\/www.estudioenfermeria.com\\\/portal\\\/wp-content\\\/uploads\\\/2020\\\/04\\\/logo_cabecera_fija_retina.png\",\"contentUrl\":\"https:\\\/\\\/www.estudioenfermeria.com\\\/portal\\\/wp-content\\\/uploads\\\/2020\\\/04\\\/logo_cabecera_fija_retina.png\",\"width\":363,\"height\":50,\"caption\":\"ESTUDIOENFERMERIA.COM\"},\"image\":{\"@id\":\"https:\\\/\\\/www.estudioenfermeria.com\\\/portal\\\/#\\\/schema\\\/logo\\\/image\\\/\"},\"sameAs\":[\"https:\\\/\\\/www.facebook.com\\\/estudioenfermeria\",\"https:\\\/\\\/x.com\\\/eenfermeria\",\"https:\\\/\\\/www.pinterest.es\\\/eenfermeria\\\/\",\"https:\\\/\\\/www.youtube.com\\\/estudioenfermeria\",\"https:\\\/\\\/www.tiktok.com\\\/@estudioenfermeria\",\"https:\\\/\\\/www.instagram.com\\\/estudio_enfermeria\\\/\"]},{\"@type\":\"Person\",\"@id\":\"https:\\\/\\\/www.estudioenfermeria.com\\\/portal\\\/#\\\/schema\\\/person\\\/ce75c912f9a6fa034283e7d4c0fb3474\",\"name\":\"estudioenfermeria.com\",\"image\":{\"@type\":\"ImageObject\",\"inLanguage\":\"es\",\"@id\":\"https:\\\/\\\/www.estudioenfermeria.com\\\/portal\\\/wp-content\\\/uploads\\\/2020\\\/04\\\/logoee.png\",\"url\":\"https:\\\/\\\/www.estudioenfermeria.com\\\/portal\\\/wp-content\\\/uploads\\\/2020\\\/04\\\/logoee.png\",\"contentUrl\":\"https:\\\/\\\/www.estudioenfermeria.com\\\/portal\\\/wp-content\\\/uploads\\\/2020\\\/04\\\/logoee.png\",\"caption\":\"estudioenfermeria.com\"},\"description\":\"Portal para el estudio e investigaci\u00f3n de la Enfermer\u00eda. Contiene las m\u00e1s avanzadas herramientas de educaci\u00f3n y formaci\u00f3n online.\",\"sameAs\":[\"http:\\\/\\\/www.estudioenfermeria.com\"]}]}<\/script>\n<!-- \/ Yoast SEO plugin. -->","yoast_head_json":{"title":"Resoluci\u00f3n del Rector de la UEx, de 16 de abril de 2020 - estudioenfermeria.com","robots":{"index":"index","follow":"follow","max-snippet":"max-snippet:-1","max-image-preview":"max-image-preview:large","max-video-preview":"max-video-preview:-1"},"canonical":"https:\/\/www.estudioenfermeria.com\/portal\/resolucion-del-rector-de-la-uex-de-16-de-abril-de-2020\/","og_locale":"es_ES","og_type":"article","og_title":"Resoluci\u00f3n del Rector de la UEx, de 16 de abril de 2020 - estudioenfermeria.com","og_description":"Resoluci\u00f3n del Rector de la UEx, de 16 de abril de 2020, por la que, como consecuencia de la situaci\u00f3n producida por el coronavirus, se modifica el calendario de ex\u00e1menes y de defensa de Trabajos Fin de Grado y M\u00e1ster del Curso 2019-2020 La aparici\u00f3n del RD 463\/2020 (14 de marzo), que decretaba el estado [...]","og_url":"https:\/\/www.estudioenfermeria.com\/portal\/resolucion-del-rector-de-la-uex-de-16-de-abril-de-2020\/","og_site_name":"estudioenfermeria.com","article_publisher":"https:\/\/www.facebook.com\/estudioenfermeria","article_published_time":"2020-04-17T08:00:21+00:00","og_image":[{"width":1088,"height":842,"url":"https:\/\/www.estudioenfermeria.com\/portal\/wp-content\/uploads\/2020\/04\/Resoluci\u00f3n-Rectoral-16-04-2020.jpg","type":"image\/jpeg"}],"author":"estudioenfermeria.com","twitter_card":"summary_large_image","twitter_creator":"@eenfermeria","twitter_site":"@eenfermeria","twitter_misc":{"Escrito por":"estudioenfermeria.com","Tiempo de lectura":"3 minutos"},"schema":{"@context":"https:\/\/schema.org","@graph":[{"@type":"Article","@id":"https:\/\/www.estudioenfermeria.com\/portal\/resolucion-del-rector-de-la-uex-de-16-de-abril-de-2020\/#article","isPartOf":{"@id":"https:\/\/www.estudioenfermeria.com\/portal\/resolucion-del-rector-de-la-uex-de-16-de-abril-de-2020\/"},"author":{"name":"estudioenfermeria.com","@id":"https:\/\/www.estudioenfermeria.com\/portal\/#\/schema\/person\/ce75c912f9a6fa034283e7d4c0fb3474"},"headline":"Resoluci\u00f3n del Rector de la UEx, de 16 de abril de 2020","datePublished":"2020-04-17T08:00:21+00:00","mainEntityOfPage":{"@id":"https:\/\/www.estudioenfermeria.com\/portal\/resolucion-del-rector-de-la-uex-de-16-de-abril-de-2020\/"},"wordCount":692,"commentCount":0,"publisher":{"@id":"https:\/\/www.estudioenfermeria.com\/portal\/#organization"},"image":{"@id":"https:\/\/www.estudioenfermeria.com\/portal\/resolucion-del-rector-de-la-uex-de-16-de-abril-de-2020\/#primaryimage"},"thumbnailUrl":"https:\/\/www.estudioenfermeria.com\/portal\/wp-content\/uploads\/2020\/04\/Resoluci\u00f3n-Rectoral-16-04-2020.jpg","keywords":["UEx"],"articleSection":["Noticias alumnos"],"inLanguage":"es","potentialAction":[{"@type":"CommentAction","name":"Comment","target":["https:\/\/www.estudioenfermeria.com\/portal\/resolucion-del-rector-de-la-uex-de-16-de-abril-de-2020\/#respond"]}]},{"@type":"WebPage","@id":"https:\/\/www.estudioenfermeria.com\/portal\/resolucion-del-rector-de-la-uex-de-16-de-abril-de-2020\/","url":"https:\/\/www.estudioenfermeria.com\/portal\/resolucion-del-rector-de-la-uex-de-16-de-abril-de-2020\/","name":"Resoluci\u00f3n del Rector de la UEx, de 16 de abril de 2020 - estudioenfermeria.com","isPartOf":{"@id":"https:\/\/www.estudioenfermeria.com\/portal\/#website"},"primaryImageOfPage":{"@id":"https:\/\/www.estudioenfermeria.com\/portal\/resolucion-del-rector-de-la-uex-de-16-de-abril-de-2020\/#primaryimage"},"image":{"@id":"https:\/\/www.estudioenfermeria.com\/portal\/resolucion-del-rector-de-la-uex-de-16-de-abril-de-2020\/#primaryimage"},"thumbnailUrl":"https:\/\/www.estudioenfermeria.com\/portal\/wp-content\/uploads\/2020\/04\/Resoluci\u00f3n-Rectoral-16-04-2020.jpg","datePublished":"2020-04-17T08:00:21+00:00","breadcrumb":{"@id":"https:\/\/www.estudioenfermeria.com\/portal\/resolucion-del-rector-de-la-uex-de-16-de-abril-de-2020\/#breadcrumb"},"inLanguage":"es","potentialAction":[{"@type":"ReadAction","target":["https:\/\/www.estudioenfermeria.com\/portal\/resolucion-del-rector-de-la-uex-de-16-de-abril-de-2020\/"]}]},{"@type":"ImageObject","inLanguage":"es","@id":"https:\/\/www.estudioenfermeria.com\/portal\/resolucion-del-rector-de-la-uex-de-16-de-abril-de-2020\/#primaryimage","url":"https:\/\/www.estudioenfermeria.com\/portal\/wp-content\/uploads\/2020\/04\/Resoluci\u00f3n-Rectoral-16-04-2020.jpg","contentUrl":"https:\/\/www.estudioenfermeria.com\/portal\/wp-content\/uploads\/2020\/04\/Resoluci\u00f3n-Rectoral-16-04-2020.jpg","width":1088,"height":842},{"@type":"BreadcrumbList","@id":"https:\/\/www.estudioenfermeria.com\/portal\/resolucion-del-rector-de-la-uex-de-16-de-abril-de-2020\/#breadcrumb","itemListElement":[{"@type":"ListItem","position":1,"name":"Portada","item":"https:\/\/www.estudioenfermeria.com\/portal\/"},{"@type":"ListItem","position":2,"name":"Resoluci\u00f3n del Rector de la UEx, de 16 de abril de 2020"}]},{"@type":"WebSite","@id":"https:\/\/www.estudioenfermeria.com\/portal\/#website","url":"https:\/\/www.estudioenfermeria.com\/portal\/","name":"estudioenfermeria.com","description":"Web para la educaci\u00f3n, investigaci\u00f3n, desarrollo e innovaci\u00f3n de la enfermer\u00eda","publisher":{"@id":"https:\/\/www.estudioenfermeria.com\/portal\/#organization"},"alternateName":"estudioenfermeria","potentialAction":[{"@type":"SearchAction","target":{"@type":"EntryPoint","urlTemplate":"https:\/\/www.estudioenfermeria.com\/portal\/?s={search_term_string}"},"query-input":{"@type":"PropertyValueSpecification","valueRequired":true,"valueName":"search_term_string"}}],"inLanguage":"es"},{"@type":"Organization","@id":"https:\/\/www.estudioenfermeria.com\/portal\/#organization","name":"ESTUDIOENFERMERIA.COM","alternateName":"ESTUDIOENFERMERIA","url":"https:\/\/www.estudioenfermeria.com\/portal\/","logo":{"@type":"ImageObject","inLanguage":"es","@id":"https:\/\/www.estudioenfermeria.com\/portal\/#\/schema\/logo\/image\/","url":"https:\/\/www.estudioenfermeria.com\/portal\/wp-content\/uploads\/2020\/04\/logo_cabecera_fija_retina.png","contentUrl":"https:\/\/www.estudioenfermeria.com\/portal\/wp-content\/uploads\/2020\/04\/logo_cabecera_fija_retina.png","width":363,"height":50,"caption":"ESTUDIOENFERMERIA.COM"},"image":{"@id":"https:\/\/www.estudioenfermeria.com\/portal\/#\/schema\/logo\/image\/"},"sameAs":["https:\/\/www.facebook.com\/estudioenfermeria","https:\/\/x.com\/eenfermeria","https:\/\/www.pinterest.es\/eenfermeria\/","https:\/\/www.youtube.com\/estudioenfermeria","https:\/\/www.tiktok.com\/@estudioenfermeria","https:\/\/www.instagram.com\/estudio_enfermeria\/"]},{"@type":"Person","@id":"https:\/\/www.estudioenfermeria.com\/portal\/#\/schema\/person\/ce75c912f9a6fa034283e7d4c0fb3474","name":"estudioenfermeria.com","image":{"@type":"ImageObject","inLanguage":"es","@id":"https:\/\/www.estudioenfermeria.com\/portal\/wp-content\/uploads\/2020\/04\/logoee.png","url":"https:\/\/www.estudioenfermeria.com\/portal\/wp-content\/uploads\/2020\/04\/logoee.png","contentUrl":"https:\/\/www.estudioenfermeria.com\/portal\/wp-content\/uploads\/2020\/04\/logoee.png","caption":"estudioenfermeria.com"},"description":"Portal para el estudio e investigaci\u00f3n de la Enfermer\u00eda. Contiene las m\u00e1s avanzadas herramientas de educaci\u00f3n y formaci\u00f3n online.","sameAs":["http:\/\/www.estudioenfermeria.com"]}]}},"_links":{"self":[{"href":"https:\/\/www.estudioenfermeria.com\/portal\/wp-json\/wp\/v2\/posts\/3598","targetHints":{"allow":["GET"]}}],"collection":[{"href":"https:\/\/www.estudioenfermeria.com\/portal\/wp-json\/wp\/v2\/posts"}],"about":[{"href":"https:\/\/www.estudioenfermeria.com\/portal\/wp-json\/wp\/v2\/types\/post"}],"author":[{"embeddable":true,"href":"https:\/\/www.estudioenfermeria.com\/portal\/wp-json\/wp\/v2\/users\/1"}],"replies":[{"embeddable":true,"href":"https:\/\/www.estudioenfermeria.com\/portal\/wp-json\/wp\/v2\/comments?post=3598"}],"version-history":[{"count":3,"href":"https:\/\/www.estudioenfermeria.com\/portal\/wp-json\/wp\/v2\/posts\/3598\/revisions"}],"predecessor-version":[{"id":3602,"href":"https:\/\/www.estudioenfermeria.com\/portal\/wp-json\/wp\/v2\/posts\/3598\/revisions\/3602"}],"wp:featuredmedia":[{"embeddable":true,"href":"https:\/\/www.estudioenfermeria.com\/portal\/wp-json\/wp\/v2\/media\/3603"}],"wp:attachment":[{"href":"https:\/\/www.estudioenfermeria.com\/portal\/wp-json\/wp\/v2\/media?parent=3598"}],"wp:term":[{"taxonomy":"category","embeddable":true,"href":"https:\/\/www.estudioenfermeria.com\/portal\/wp-json\/wp\/v2\/categories?post=3598"},{"taxonomy":"post_tag","embeddable":true,"href":"https:\/\/www.estudioenfermeria.com\/portal\/wp-json\/wp\/v2\/tags?post=3598"}],"curies":[{"name":"wp","href":"https:\/\/api.w.org\/{rel}","templated":true}]}}