{"id":3508,"date":"2020-04-13T18:50:24","date_gmt":"2020-04-13T16:50:24","guid":{"rendered":"https:\/\/www.estudioenfermeria.com\/portal\/?p=3508"},"modified":"2020-04-13T21:46:54","modified_gmt":"2020-04-13T19:46:54","slug":"resolucion-del-rector-de-la-uex-de-13-de-abril-de-2020","status":"publish","type":"post","link":"https:\/\/www.estudioenfermeria.com\/portal\/resolucion-del-rector-de-la-uex-de-13-de-abril-de-2020\/","title":{"rendered":"Resoluci\u00f3n del Rector de la UEx, de 13 de abril de 2020"},"content":{"rendered":"<p><strong>Resoluci\u00f3n del Rector de la UEx, de 13 de abril, por la que, como consecuencia de la situaci\u00f3n producida por el coronavirus, se dicta la impartici\u00f3n definitiva de toda la docencia en r\u00e9gimen no presencial hasta la finalizaci\u00f3n del curso 2019-2020<\/strong><\/p>\n<p>Con fecha 13 de marzo de 2020, la Universidad de Extremadura adopt\u00f3 las medidas acordes para el cese de las actividades docentes presenciales en consonancia con lo aprobado por el Consejo de Gobierno de la Junta de Extremadura (Resoluci\u00f3n de 13 de marzo de la Consejer\u00eda de Sanidad y Asuntos Sociales). La aparici\u00f3n del RD 463\/2020 (14 de marzo) decretando el estado de alarma sanitaria, suscit\u00f3 la publicaci\u00f3n de la Resoluci\u00f3n Rectoral 246\/2020 por la que se suspend\u00eda toda actividad presencial, no solo la docente, en la Universidad de Extremadura, exceptuando los servicios esenciales que en ella se dictaban.<\/p>\n<p>La suspensi\u00f3n de la actividad docente dictada, seg\u00fan el Real Decreto, ser\u00eda mantenida durante el per\u00edodo en el que se mantuviera el estado de alarma y sus pr\u00f3rrogas. As\u00ed, el RD 476\/2020 y, posteriormente, el RD 487\/2020 han prorrogado la declaraci\u00f3n del estado de alarma hasta el d\u00eda 26 de abril de 2020.<\/p>\n<p>Por otro lado, el 2 de abril se produjo una sesi\u00f3n de la Conferencia General de Pol\u00edtica Universitaria para elaborar unos criterios generales para la adaptaci\u00f3n del sistema universitario espa\u00f1ol ante la pandemia del Covid-19, cuyas primeras conclusiones se conocieron a mediados del periodo no lectivo.<\/p>\n<p>Durante esta crisis sanitaria, la Universidad de Extremadura ha venido adoptando todas aquellas medidas basadas en la preocupaci\u00f3n por el inter\u00e9s general de la salud p\u00fablica en el \u00e1mbito de la comunidad universitaria y siguiendo en cada momento las instrucciones marcadas tanto por las autoridades estatales como regionales.<\/p>\n<p>En la situaci\u00f3n actual, el periodo lectivo restante queda definido por la vuelta, tras la Semana Santa, el d\u00eda 14 de abril y la finalizaci\u00f3n el d\u00eda 14 de mayo. Sin embargo, el periodo de docencia no presencial, regulado por el RD 487 anteriormente mencionado, ha quedado establecido, por lo menos, hasta el 26 de abril. Esta situaci\u00f3n dejar\u00eda solamente 13 d\u00edas susceptibles de ser utilizados de manera presencial en el caso de que no se declarase ninguna pr\u00f3rroga m\u00e1s, lo cual parece altamente improbable<\/p>\n<p>Ante este escenario y con el fin de organizar lo que resta de curso acad\u00e9mico, reunido el Consejo de Direcci\u00f3n, informados los Decanos y Directores de Centros, con el acuerdo de las autoridades regionales con competencias universitarias y sanitarias, y usando las prerrogativas que establecen la Ley Org\u00e1nica de Universidades y los Estatutos de la Universidad de Extremadura, este Rectorado\u00a0<b>ACUERDA:<\/b><\/p>\n<p style=\"padding-left: 40px;\"><b>Primero<\/b>. Establecer que la docencia del presente curso 2019-2020 finalice, con car\u00e1cter general, de forma no presencial en la Universidad de Extremadura.<\/p>\n<p style=\"padding-left: 40px;\"><b>Segundo<\/b>. Encomendar a la Vicerrectora de Calidad y Estrategia, junto con la Vicerrectora de Planificaci\u00f3n Acad\u00e9mica, la Vicerrectora de Estudiantes, Empleo y Movilidad, el Vicerrector de Profesorado, el Vicerrector de Transformaci\u00f3n digital y el Secretario General, la elaboraci\u00f3n de un documento de Directrices generales sobre docencia, pr\u00e1cticas, evaluaci\u00f3n y trabajos fin de grado y fin de m\u00e1ster, acorde a lo estipulado por la Conferencia de Pol\u00edtica General Universitaria.<\/p>\n<p style=\"padding-left: 40px;\"><b>Tercero<\/b>. Esta Resoluci\u00f3n tendr\u00e1 validez hasta su ratificaci\u00f3n por el Consejo de Gobierno de la Universidad de Extremadura.<\/p>\n<p><a class=\"internal-link\" href=\"https:\/\/www.unex.es\/organizacion\/servicios-universitarios\/servicios\/comunicacion\/archivo\/2020\/abril-de-2020\/13-de-abril-de-2020\/resolucion-del-rector-de-la-universidad-de-extremadura-de-13-de-abril-por-la-que-como-consecuencia-de-la-situacion-producida-por-el-coronavirus-covid-19-se-dicta-la-imparticion-definitiva-de-toda-la-docencia-en-regimen-no-presencial-hasta-la-finaliz\/RR2622020.pdf\"><b>Resoluci\u00f3n Rectoral<\/b><\/a><\/p>\n","protected":false},"excerpt":{"rendered":"<p>Resoluci\u00f3n del Rector de la UEx, de 13 de abril, por la que, como consecuencia de la situaci\u00f3n producida por el coronavirus, se dicta la impartici\u00f3n definitiva de toda la docencia en r\u00e9gimen no presencial hasta la finalizaci\u00f3n del curso 2019-2020 Con fecha 13 de marzo de 2020, la Universidad de Extremadura adopt\u00f3 las medidas <a href=\"https:\/\/www.estudioenfermeria.com\/portal\/resolucion-del-rector-de-la-uex-de-13-de-abril-de-2020\/\"> [&#8230;]<\/a><\/p>\n","protected":false},"author":1,"featured_media":3510,"comment_status":"open","ping_status":"open","sticky":false,"template":"","format":"standard","meta":{"footnotes":""},"categories":[166,161],"tags":[170,171],"class_list":["post-3508","post","type-post","status-publish","format-standard","has-post-thumbnail","hentry","category-noticias","category-noticias-alumnos","tag-uex","tag-universidad-de-extremadura"],"yoast_head":"<!-- This site is optimized with the Yoast SEO plugin v27.4 - https:\/\/yoast.com\/product\/yoast-seo-wordpress\/ -->\n<title>Resoluci\u00f3n del Rector de la UEx, de 13 de abril de 2020 - estudioenfermeria.com<\/title>\n<meta name=\"robots\" content=\"index, follow, max-snippet:-1, max-image-preview:large, max-video-preview:-1\" \/>\n<link rel=\"canonical\" href=\"https:\/\/www.estudioenfermeria.com\/portal\/resolucion-del-rector-de-la-uex-de-13-de-abril-de-2020\/\" \/>\n<meta property=\"og:locale\" content=\"es_ES\" \/>\n<meta property=\"og:type\" content=\"article\" \/>\n<meta property=\"og:title\" content=\"Resoluci\u00f3n del Rector de la UEx, de 13 de abril de 2020 - estudioenfermeria.com\" \/>\n<meta property=\"og:description\" content=\"Resoluci\u00f3n del Rector de la UEx, de 13 de abril, por la que, como consecuencia de la situaci\u00f3n producida por el coronavirus, se dicta la impartici\u00f3n definitiva de toda la docencia en r\u00e9gimen no presencial hasta la finalizaci\u00f3n del curso 2019-2020 Con fecha 13 de marzo de 2020, la Universidad de Extremadura adopt\u00f3 las medidas [...]\" \/>\n<meta property=\"og:url\" content=\"https:\/\/www.estudioenfermeria.com\/portal\/resolucion-del-rector-de-la-uex-de-13-de-abril-de-2020\/\" \/>\n<meta property=\"og:site_name\" content=\"estudioenfermeria.com\" \/>\n<meta property=\"article:publisher\" content=\"https:\/\/www.facebook.com\/estudioenfermeria\" \/>\n<meta property=\"article:published_time\" content=\"2020-04-13T16:50:24+00:00\" \/>\n<meta property=\"article:modified_time\" content=\"2020-04-13T19:46:54+00:00\" \/>\n<meta property=\"og:image\" content=\"https:\/\/www.estudioenfermeria.com\/portal\/wp-content\/uploads\/2020\/04\/Resoluci\u00f3n-Rectoral-Docencia-no-Presencial.jpg\" \/>\n\t<meta property=\"og:image:width\" content=\"1088\" \/>\n\t<meta property=\"og:image:height\" content=\"842\" \/>\n\t<meta property=\"og:image:type\" content=\"image\/jpeg\" \/>\n<meta name=\"author\" content=\"estudioenfermeria.com\" \/>\n<meta name=\"twitter:card\" content=\"summary_large_image\" \/>\n<meta name=\"twitter:creator\" content=\"@eenfermeria\" \/>\n<meta name=\"twitter:site\" content=\"@eenfermeria\" \/>\n<meta name=\"twitter:label1\" content=\"Escrito por\" \/>\n\t<meta name=\"twitter:data1\" content=\"estudioenfermeria.com\" \/>\n\t<meta name=\"twitter:label2\" content=\"Tiempo de lectura\" \/>\n\t<meta name=\"twitter:data2\" content=\"3 minutos\" \/>\n<script type=\"application\/ld+json\" class=\"yoast-schema-graph\">{\"@context\":\"https:\\\/\\\/schema.org\",\"@graph\":[{\"@type\":\"Article\",\"@id\":\"https:\\\/\\\/www.estudioenfermeria.com\\\/portal\\\/resolucion-del-rector-de-la-uex-de-13-de-abril-de-2020\\\/#article\",\"isPartOf\":{\"@id\":\"https:\\\/\\\/www.estudioenfermeria.com\\\/portal\\\/resolucion-del-rector-de-la-uex-de-13-de-abril-de-2020\\\/\"},\"author\":{\"name\":\"estudioenfermeria.com\",\"@id\":\"https:\\\/\\\/www.estudioenfermeria.com\\\/portal\\\/#\\\/schema\\\/person\\\/ce75c912f9a6fa034283e7d4c0fb3474\"},\"headline\":\"Resoluci\u00f3n del Rector de la UEx, de 13 de abril de 2020\",\"datePublished\":\"2020-04-13T16:50:24+00:00\",\"dateModified\":\"2020-04-13T19:46:54+00:00\",\"mainEntityOfPage\":{\"@id\":\"https:\\\/\\\/www.estudioenfermeria.com\\\/portal\\\/resolucion-del-rector-de-la-uex-de-13-de-abril-de-2020\\\/\"},\"wordCount\":586,\"commentCount\":0,\"publisher\":{\"@id\":\"https:\\\/\\\/www.estudioenfermeria.com\\\/portal\\\/#organization\"},\"image\":{\"@id\":\"https:\\\/\\\/www.estudioenfermeria.com\\\/portal\\\/resolucion-del-rector-de-la-uex-de-13-de-abril-de-2020\\\/#primaryimage\"},\"thumbnailUrl\":\"https:\\\/\\\/www.estudioenfermeria.com\\\/portal\\\/wp-content\\\/uploads\\\/2020\\\/04\\\/Resoluci\u00f3n-Rectoral-Docencia-no-Presencial.jpg\",\"keywords\":[\"UEx\",\"Universidad de Extremadura\"],\"articleSection\":[\"NOTICIAS\",\"Noticias alumnos\"],\"inLanguage\":\"es\",\"potentialAction\":[{\"@type\":\"CommentAction\",\"name\":\"Comment\",\"target\":[\"https:\\\/\\\/www.estudioenfermeria.com\\\/portal\\\/resolucion-del-rector-de-la-uex-de-13-de-abril-de-2020\\\/#respond\"]}]},{\"@type\":\"WebPage\",\"@id\":\"https:\\\/\\\/www.estudioenfermeria.com\\\/portal\\\/resolucion-del-rector-de-la-uex-de-13-de-abril-de-2020\\\/\",\"url\":\"https:\\\/\\\/www.estudioenfermeria.com\\\/portal\\\/resolucion-del-rector-de-la-uex-de-13-de-abril-de-2020\\\/\",\"name\":\"Resoluci\u00f3n del Rector de la UEx, de 13 de abril de 2020 - estudioenfermeria.com\",\"isPartOf\":{\"@id\":\"https:\\\/\\\/www.estudioenfermeria.com\\\/portal\\\/#website\"},\"primaryImageOfPage\":{\"@id\":\"https:\\\/\\\/www.estudioenfermeria.com\\\/portal\\\/resolucion-del-rector-de-la-uex-de-13-de-abril-de-2020\\\/#primaryimage\"},\"image\":{\"@id\":\"https:\\\/\\\/www.estudioenfermeria.com\\\/portal\\\/resolucion-del-rector-de-la-uex-de-13-de-abril-de-2020\\\/#primaryimage\"},\"thumbnailUrl\":\"https:\\\/\\\/www.estudioenfermeria.com\\\/portal\\\/wp-content\\\/uploads\\\/2020\\\/04\\\/Resoluci\u00f3n-Rectoral-Docencia-no-Presencial.jpg\",\"datePublished\":\"2020-04-13T16:50:24+00:00\",\"dateModified\":\"2020-04-13T19:46:54+00:00\",\"breadcrumb\":{\"@id\":\"https:\\\/\\\/www.estudioenfermeria.com\\\/portal\\\/resolucion-del-rector-de-la-uex-de-13-de-abril-de-2020\\\/#breadcrumb\"},\"inLanguage\":\"es\",\"potentialAction\":[{\"@type\":\"ReadAction\",\"target\":[\"https:\\\/\\\/www.estudioenfermeria.com\\\/portal\\\/resolucion-del-rector-de-la-uex-de-13-de-abril-de-2020\\\/\"]}]},{\"@type\":\"ImageObject\",\"inLanguage\":\"es\",\"@id\":\"https:\\\/\\\/www.estudioenfermeria.com\\\/portal\\\/resolucion-del-rector-de-la-uex-de-13-de-abril-de-2020\\\/#primaryimage\",\"url\":\"https:\\\/\\\/www.estudioenfermeria.com\\\/portal\\\/wp-content\\\/uploads\\\/2020\\\/04\\\/Resoluci\u00f3n-Rectoral-Docencia-no-Presencial.jpg\",\"contentUrl\":\"https:\\\/\\\/www.estudioenfermeria.com\\\/portal\\\/wp-content\\\/uploads\\\/2020\\\/04\\\/Resoluci\u00f3n-Rectoral-Docencia-no-Presencial.jpg\",\"width\":1088,\"height\":842},{\"@type\":\"BreadcrumbList\",\"@id\":\"https:\\\/\\\/www.estudioenfermeria.com\\\/portal\\\/resolucion-del-rector-de-la-uex-de-13-de-abril-de-2020\\\/#breadcrumb\",\"itemListElement\":[{\"@type\":\"ListItem\",\"position\":1,\"name\":\"Portada\",\"item\":\"https:\\\/\\\/www.estudioenfermeria.com\\\/portal\\\/\"},{\"@type\":\"ListItem\",\"position\":2,\"name\":\"Resoluci\u00f3n del Rector de la UEx, de 13 de abril de 2020\"}]},{\"@type\":\"WebSite\",\"@id\":\"https:\\\/\\\/www.estudioenfermeria.com\\\/portal\\\/#website\",\"url\":\"https:\\\/\\\/www.estudioenfermeria.com\\\/portal\\\/\",\"name\":\"estudioenfermeria.com\",\"description\":\"Web para la educaci\u00f3n, investigaci\u00f3n, desarrollo e innovaci\u00f3n de la enfermer\u00eda\",\"publisher\":{\"@id\":\"https:\\\/\\\/www.estudioenfermeria.com\\\/portal\\\/#organization\"},\"alternateName\":\"estudioenfermeria\",\"potentialAction\":[{\"@type\":\"SearchAction\",\"target\":{\"@type\":\"EntryPoint\",\"urlTemplate\":\"https:\\\/\\\/www.estudioenfermeria.com\\\/portal\\\/?s={search_term_string}\"},\"query-input\":{\"@type\":\"PropertyValueSpecification\",\"valueRequired\":true,\"valueName\":\"search_term_string\"}}],\"inLanguage\":\"es\"},{\"@type\":\"Organization\",\"@id\":\"https:\\\/\\\/www.estudioenfermeria.com\\\/portal\\\/#organization\",\"name\":\"ESTUDIOENFERMERIA.COM\",\"alternateName\":\"ESTUDIOENFERMERIA\",\"url\":\"https:\\\/\\\/www.estudioenfermeria.com\\\/portal\\\/\",\"logo\":{\"@type\":\"ImageObject\",\"inLanguage\":\"es\",\"@id\":\"https:\\\/\\\/www.estudioenfermeria.com\\\/portal\\\/#\\\/schema\\\/logo\\\/image\\\/\",\"url\":\"https:\\\/\\\/www.estudioenfermeria.com\\\/portal\\\/wp-content\\\/uploads\\\/2020\\\/04\\\/logo_cabecera_fija_retina.png\",\"contentUrl\":\"https:\\\/\\\/www.estudioenfermeria.com\\\/portal\\\/wp-content\\\/uploads\\\/2020\\\/04\\\/logo_cabecera_fija_retina.png\",\"width\":363,\"height\":50,\"caption\":\"ESTUDIOENFERMERIA.COM\"},\"image\":{\"@id\":\"https:\\\/\\\/www.estudioenfermeria.com\\\/portal\\\/#\\\/schema\\\/logo\\\/image\\\/\"},\"sameAs\":[\"https:\\\/\\\/www.facebook.com\\\/estudioenfermeria\",\"https:\\\/\\\/x.com\\\/eenfermeria\",\"https:\\\/\\\/www.pinterest.es\\\/eenfermeria\\\/\",\"https:\\\/\\\/www.youtube.com\\\/estudioenfermeria\",\"https:\\\/\\\/www.tiktok.com\\\/@estudioenfermeria\",\"https:\\\/\\\/www.instagram.com\\\/estudio_enfermeria\\\/\"]},{\"@type\":\"Person\",\"@id\":\"https:\\\/\\\/www.estudioenfermeria.com\\\/portal\\\/#\\\/schema\\\/person\\\/ce75c912f9a6fa034283e7d4c0fb3474\",\"name\":\"estudioenfermeria.com\",\"image\":{\"@type\":\"ImageObject\",\"inLanguage\":\"es\",\"@id\":\"https:\\\/\\\/www.estudioenfermeria.com\\\/portal\\\/wp-content\\\/uploads\\\/2020\\\/04\\\/logoee.png\",\"url\":\"https:\\\/\\\/www.estudioenfermeria.com\\\/portal\\\/wp-content\\\/uploads\\\/2020\\\/04\\\/logoee.png\",\"contentUrl\":\"https:\\\/\\\/www.estudioenfermeria.com\\\/portal\\\/wp-content\\\/uploads\\\/2020\\\/04\\\/logoee.png\",\"caption\":\"estudioenfermeria.com\"},\"description\":\"Portal para el estudio e investigaci\u00f3n de la Enfermer\u00eda. Contiene las m\u00e1s avanzadas herramientas de educaci\u00f3n y formaci\u00f3n online.\",\"sameAs\":[\"http:\\\/\\\/www.estudioenfermeria.com\"]}]}<\/script>\n<!-- \/ Yoast SEO plugin. -->","yoast_head_json":{"title":"Resoluci\u00f3n del Rector de la UEx, de 13 de abril de 2020 - estudioenfermeria.com","robots":{"index":"index","follow":"follow","max-snippet":"max-snippet:-1","max-image-preview":"max-image-preview:large","max-video-preview":"max-video-preview:-1"},"canonical":"https:\/\/www.estudioenfermeria.com\/portal\/resolucion-del-rector-de-la-uex-de-13-de-abril-de-2020\/","og_locale":"es_ES","og_type":"article","og_title":"Resoluci\u00f3n del Rector de la UEx, de 13 de abril de 2020 - estudioenfermeria.com","og_description":"Resoluci\u00f3n del Rector de la UEx, de 13 de abril, por la que, como consecuencia de la situaci\u00f3n producida por el coronavirus, se dicta la impartici\u00f3n definitiva de toda la docencia en r\u00e9gimen no presencial hasta la finalizaci\u00f3n del curso 2019-2020 Con fecha 13 de marzo de 2020, la Universidad de Extremadura adopt\u00f3 las medidas [...]","og_url":"https:\/\/www.estudioenfermeria.com\/portal\/resolucion-del-rector-de-la-uex-de-13-de-abril-de-2020\/","og_site_name":"estudioenfermeria.com","article_publisher":"https:\/\/www.facebook.com\/estudioenfermeria","article_published_time":"2020-04-13T16:50:24+00:00","article_modified_time":"2020-04-13T19:46:54+00:00","og_image":[{"width":1088,"height":842,"url":"https:\/\/www.estudioenfermeria.com\/portal\/wp-content\/uploads\/2020\/04\/Resoluci\u00f3n-Rectoral-Docencia-no-Presencial.jpg","type":"image\/jpeg"}],"author":"estudioenfermeria.com","twitter_card":"summary_large_image","twitter_creator":"@eenfermeria","twitter_site":"@eenfermeria","twitter_misc":{"Escrito por":"estudioenfermeria.com","Tiempo de lectura":"3 minutos"},"schema":{"@context":"https:\/\/schema.org","@graph":[{"@type":"Article","@id":"https:\/\/www.estudioenfermeria.com\/portal\/resolucion-del-rector-de-la-uex-de-13-de-abril-de-2020\/#article","isPartOf":{"@id":"https:\/\/www.estudioenfermeria.com\/portal\/resolucion-del-rector-de-la-uex-de-13-de-abril-de-2020\/"},"author":{"name":"estudioenfermeria.com","@id":"https:\/\/www.estudioenfermeria.com\/portal\/#\/schema\/person\/ce75c912f9a6fa034283e7d4c0fb3474"},"headline":"Resoluci\u00f3n del Rector de la UEx, de 13 de abril de 2020","datePublished":"2020-04-13T16:50:24+00:00","dateModified":"2020-04-13T19:46:54+00:00","mainEntityOfPage":{"@id":"https:\/\/www.estudioenfermeria.com\/portal\/resolucion-del-rector-de-la-uex-de-13-de-abril-de-2020\/"},"wordCount":586,"commentCount":0,"publisher":{"@id":"https:\/\/www.estudioenfermeria.com\/portal\/#organization"},"image":{"@id":"https:\/\/www.estudioenfermeria.com\/portal\/resolucion-del-rector-de-la-uex-de-13-de-abril-de-2020\/#primaryimage"},"thumbnailUrl":"https:\/\/www.estudioenfermeria.com\/portal\/wp-content\/uploads\/2020\/04\/Resoluci\u00f3n-Rectoral-Docencia-no-Presencial.jpg","keywords":["UEx","Universidad de Extremadura"],"articleSection":["NOTICIAS","Noticias alumnos"],"inLanguage":"es","potentialAction":[{"@type":"CommentAction","name":"Comment","target":["https:\/\/www.estudioenfermeria.com\/portal\/resolucion-del-rector-de-la-uex-de-13-de-abril-de-2020\/#respond"]}]},{"@type":"WebPage","@id":"https:\/\/www.estudioenfermeria.com\/portal\/resolucion-del-rector-de-la-uex-de-13-de-abril-de-2020\/","url":"https:\/\/www.estudioenfermeria.com\/portal\/resolucion-del-rector-de-la-uex-de-13-de-abril-de-2020\/","name":"Resoluci\u00f3n del Rector de la UEx, de 13 de abril de 2020 - estudioenfermeria.com","isPartOf":{"@id":"https:\/\/www.estudioenfermeria.com\/portal\/#website"},"primaryImageOfPage":{"@id":"https:\/\/www.estudioenfermeria.com\/portal\/resolucion-del-rector-de-la-uex-de-13-de-abril-de-2020\/#primaryimage"},"image":{"@id":"https:\/\/www.estudioenfermeria.com\/portal\/resolucion-del-rector-de-la-uex-de-13-de-abril-de-2020\/#primaryimage"},"thumbnailUrl":"https:\/\/www.estudioenfermeria.com\/portal\/wp-content\/uploads\/2020\/04\/Resoluci\u00f3n-Rectoral-Docencia-no-Presencial.jpg","datePublished":"2020-04-13T16:50:24+00:00","dateModified":"2020-04-13T19:46:54+00:00","breadcrumb":{"@id":"https:\/\/www.estudioenfermeria.com\/portal\/resolucion-del-rector-de-la-uex-de-13-de-abril-de-2020\/#breadcrumb"},"inLanguage":"es","potentialAction":[{"@type":"ReadAction","target":["https:\/\/www.estudioenfermeria.com\/portal\/resolucion-del-rector-de-la-uex-de-13-de-abril-de-2020\/"]}]},{"@type":"ImageObject","inLanguage":"es","@id":"https:\/\/www.estudioenfermeria.com\/portal\/resolucion-del-rector-de-la-uex-de-13-de-abril-de-2020\/#primaryimage","url":"https:\/\/www.estudioenfermeria.com\/portal\/wp-content\/uploads\/2020\/04\/Resoluci\u00f3n-Rectoral-Docencia-no-Presencial.jpg","contentUrl":"https:\/\/www.estudioenfermeria.com\/portal\/wp-content\/uploads\/2020\/04\/Resoluci\u00f3n-Rectoral-Docencia-no-Presencial.jpg","width":1088,"height":842},{"@type":"BreadcrumbList","@id":"https:\/\/www.estudioenfermeria.com\/portal\/resolucion-del-rector-de-la-uex-de-13-de-abril-de-2020\/#breadcrumb","itemListElement":[{"@type":"ListItem","position":1,"name":"Portada","item":"https:\/\/www.estudioenfermeria.com\/portal\/"},{"@type":"ListItem","position":2,"name":"Resoluci\u00f3n del Rector de la UEx, de 13 de abril de 2020"}]},{"@type":"WebSite","@id":"https:\/\/www.estudioenfermeria.com\/portal\/#website","url":"https:\/\/www.estudioenfermeria.com\/portal\/","name":"estudioenfermeria.com","description":"Web para la educaci\u00f3n, investigaci\u00f3n, desarrollo e innovaci\u00f3n de la enfermer\u00eda","publisher":{"@id":"https:\/\/www.estudioenfermeria.com\/portal\/#organization"},"alternateName":"estudioenfermeria","potentialAction":[{"@type":"SearchAction","target":{"@type":"EntryPoint","urlTemplate":"https:\/\/www.estudioenfermeria.com\/portal\/?s={search_term_string}"},"query-input":{"@type":"PropertyValueSpecification","valueRequired":true,"valueName":"search_term_string"}}],"inLanguage":"es"},{"@type":"Organization","@id":"https:\/\/www.estudioenfermeria.com\/portal\/#organization","name":"ESTUDIOENFERMERIA.COM","alternateName":"ESTUDIOENFERMERIA","url":"https:\/\/www.estudioenfermeria.com\/portal\/","logo":{"@type":"ImageObject","inLanguage":"es","@id":"https:\/\/www.estudioenfermeria.com\/portal\/#\/schema\/logo\/image\/","url":"https:\/\/www.estudioenfermeria.com\/portal\/wp-content\/uploads\/2020\/04\/logo_cabecera_fija_retina.png","contentUrl":"https:\/\/www.estudioenfermeria.com\/portal\/wp-content\/uploads\/2020\/04\/logo_cabecera_fija_retina.png","width":363,"height":50,"caption":"ESTUDIOENFERMERIA.COM"},"image":{"@id":"https:\/\/www.estudioenfermeria.com\/portal\/#\/schema\/logo\/image\/"},"sameAs":["https:\/\/www.facebook.com\/estudioenfermeria","https:\/\/x.com\/eenfermeria","https:\/\/www.pinterest.es\/eenfermeria\/","https:\/\/www.youtube.com\/estudioenfermeria","https:\/\/www.tiktok.com\/@estudioenfermeria","https:\/\/www.instagram.com\/estudio_enfermeria\/"]},{"@type":"Person","@id":"https:\/\/www.estudioenfermeria.com\/portal\/#\/schema\/person\/ce75c912f9a6fa034283e7d4c0fb3474","name":"estudioenfermeria.com","image":{"@type":"ImageObject","inLanguage":"es","@id":"https:\/\/www.estudioenfermeria.com\/portal\/wp-content\/uploads\/2020\/04\/logoee.png","url":"https:\/\/www.estudioenfermeria.com\/portal\/wp-content\/uploads\/2020\/04\/logoee.png","contentUrl":"https:\/\/www.estudioenfermeria.com\/portal\/wp-content\/uploads\/2020\/04\/logoee.png","caption":"estudioenfermeria.com"},"description":"Portal para el estudio e investigaci\u00f3n de la Enfermer\u00eda. Contiene las m\u00e1s avanzadas herramientas de educaci\u00f3n y formaci\u00f3n online.","sameAs":["http:\/\/www.estudioenfermeria.com"]}]}},"_links":{"self":[{"href":"https:\/\/www.estudioenfermeria.com\/portal\/wp-json\/wp\/v2\/posts\/3508","targetHints":{"allow":["GET"]}}],"collection":[{"href":"https:\/\/www.estudioenfermeria.com\/portal\/wp-json\/wp\/v2\/posts"}],"about":[{"href":"https:\/\/www.estudioenfermeria.com\/portal\/wp-json\/wp\/v2\/types\/post"}],"author":[{"embeddable":true,"href":"https:\/\/www.estudioenfermeria.com\/portal\/wp-json\/wp\/v2\/users\/1"}],"replies":[{"embeddable":true,"href":"https:\/\/www.estudioenfermeria.com\/portal\/wp-json\/wp\/v2\/comments?post=3508"}],"version-history":[{"count":2,"href":"https:\/\/www.estudioenfermeria.com\/portal\/wp-json\/wp\/v2\/posts\/3508\/revisions"}],"predecessor-version":[{"id":3511,"href":"https:\/\/www.estudioenfermeria.com\/portal\/wp-json\/wp\/v2\/posts\/3508\/revisions\/3511"}],"wp:featuredmedia":[{"embeddable":true,"href":"https:\/\/www.estudioenfermeria.com\/portal\/wp-json\/wp\/v2\/media\/3510"}],"wp:attachment":[{"href":"https:\/\/www.estudioenfermeria.com\/portal\/wp-json\/wp\/v2\/media?parent=3508"}],"wp:term":[{"taxonomy":"category","embeddable":true,"href":"https:\/\/www.estudioenfermeria.com\/portal\/wp-json\/wp\/v2\/categories?post=3508"},{"taxonomy":"post_tag","embeddable":true,"href":"https:\/\/www.estudioenfermeria.com\/portal\/wp-json\/wp\/v2\/tags?post=3508"}],"curies":[{"name":"wp","href":"https:\/\/api.w.org\/{rel}","templated":true}]}}